{"id":140,"date":"2023-07-19T13:12:30","date_gmt":"2023-07-19T16:12:30","guid":{"rendered":"https:\/\/divulga.unila.edu.br\/ypora\/?p=140"},"modified":"2023-07-19T13:35:34","modified_gmt":"2023-07-19T16:35:34","slug":"acao-educativa-em-colegios-rurais","status":"publish","type":"post","link":"https:\/\/divulga.unila.edu.br\/ypora\/2023\/07\/19\/acao-educativa-em-colegios-rurais\/","title":{"rendered":"A\u00e7\u00e3o educativa em col\u00e9gios rurais"},"content":{"rendered":"\n<p class=\"has-text-align-center\">Col\u00e9gio La Salle e o Teko \u00d1emoingo<\/p>\n\n\n\n<p>Nicole e Nathalia realizaram duas interven\u00e7\u00f5es did\u00e1ticas em escolas de Santa Rosa, no munic\u00edpio de S\u00e3o Miguel do Igua\u00e7u. As escolas municipais est\u00e3o pr\u00f3ximas uma da outra em \u00e1reas vizinhas ao Lago de Itaipu. A equipe Ypor\u00e3 foi recebida com muito carinho pelas integrantes de ambas comunidades escolares &#8212; com &#8216;Guten Morgen&#8217; em uma e &#8216;Maitei&#8217; na outra &#8212; e as atividades foram um sucesso. Os participantes &#8212; alunas\/os entre 7 e 10 anos de idade &#8212; se envolveram com aten\u00e7\u00e3o nas din\u00e2micas e aprenderam, entre outras coisas, sobre a import\u00e2ncia de separar o lixo e de como faz\u00ea-lo levando em conta os processos de coleta e reciclagem, que envolvem diferentes cores segundo a natureza do material descartado.&nbsp;<\/p>\n\n\n\n<figure class=\"wp-block-gallery has-nested-images columns-default is-cropped wp-block-gallery-1 is-layout-flex wp-block-gallery-is-layout-flex\">\n<figure class=\"wp-block-image size-large\"><img fetchpriority=\"high\" decoding=\"async\" width=\"1024\" height=\"576\" data-id=\"160\" src=\"https:\/\/divulga.unila.edu.br\/ypora\/wp-content\/uploads\/sites\/22\/2023\/07\/WhatsApp-Image-2023-07-19-at-13.07.10-3-1-1024x576.jpeg\" alt=\"\" class=\"wp-image-160\" srcset=\"https:\/\/divulga.unila.edu.br\/ypora\/wp-content\/uploads\/sites\/22\/2023\/07\/WhatsApp-Image-2023-07-19-at-13.07.10-3-1-1024x576.jpeg 1024w, https:\/\/divulga.unila.edu.br\/ypora\/wp-content\/uploads\/sites\/22\/2023\/07\/WhatsApp-Image-2023-07-19-at-13.07.10-3-1-300x169.jpeg 300w, https:\/\/divulga.unila.edu.br\/ypora\/wp-content\/uploads\/sites\/22\/2023\/07\/WhatsApp-Image-2023-07-19-at-13.07.10-3-1-768x432.jpeg 768w, https:\/\/divulga.unila.edu.br\/ypora\/wp-content\/uploads\/sites\/22\/2023\/07\/WhatsApp-Image-2023-07-19-at-13.07.10-3-1-1536x864.jpeg 1536w, https:\/\/divulga.unila.edu.br\/ypora\/wp-content\/uploads\/sites\/22\/2023\/07\/WhatsApp-Image-2023-07-19-at-13.07.10-3-1-205x115.jpeg 205w, https:\/\/divulga.unila.edu.br\/ypora\/wp-content\/uploads\/sites\/22\/2023\/07\/WhatsApp-Image-2023-07-19-at-13.07.10-3-1-480x270.jpeg 480w, https:\/\/divulga.unila.edu.br\/ypora\/wp-content\/uploads\/sites\/22\/2023\/07\/WhatsApp-Image-2023-07-19-at-13.07.10-3-1-1568x882.jpeg 1568w, https:\/\/divulga.unila.edu.br\/ypora\/wp-content\/uploads\/sites\/22\/2023\/07\/WhatsApp-Image-2023-07-19-at-13.07.10-3-1.jpeg 1600w\" sizes=\"(max-width: 1024px) 100vw, 1024px\" \/><\/figure>\n\n\n\n<figure class=\"wp-block-image size-large\"><img decoding=\"async\" width=\"1024\" height=\"767\" data-id=\"168\" src=\"https:\/\/divulga.unila.edu.br\/ypora\/wp-content\/uploads\/sites\/22\/2023\/07\/WhatsApp-Image-2023-07-19-at-13.07.10-5-1024x767.jpeg\" alt=\"\" class=\"wp-image-168\" srcset=\"https:\/\/divulga.unila.edu.br\/ypora\/wp-content\/uploads\/sites\/22\/2023\/07\/WhatsApp-Image-2023-07-19-at-13.07.10-5-1024x767.jpeg 1024w, https:\/\/divulga.unila.edu.br\/ypora\/wp-content\/uploads\/sites\/22\/2023\/07\/WhatsApp-Image-2023-07-19-at-13.07.10-5-300x225.jpeg 300w, https:\/\/divulga.unila.edu.br\/ypora\/wp-content\/uploads\/sites\/22\/2023\/07\/WhatsApp-Image-2023-07-19-at-13.07.10-5-768x575.jpeg 768w, https:\/\/divulga.unila.edu.br\/ypora\/wp-content\/uploads\/sites\/22\/2023\/07\/WhatsApp-Image-2023-07-19-at-13.07.10-5-205x154.jpeg 205w, https:\/\/divulga.unila.edu.br\/ypora\/wp-content\/uploads\/sites\/22\/2023\/07\/WhatsApp-Image-2023-07-19-at-13.07.10-5-480x360.jpeg 480w, https:\/\/divulga.unila.edu.br\/ypora\/wp-content\/uploads\/sites\/22\/2023\/07\/WhatsApp-Image-2023-07-19-at-13.07.10-5.jpeg 1396w\" sizes=\"(max-width: 1024px) 100vw, 1024px\" \/><\/figure>\n\n\n\n<figure class=\"wp-block-image size-large\"><img decoding=\"async\" width=\"1024\" height=\"767\" data-id=\"162\" src=\"https:\/\/divulga.unila.edu.br\/ypora\/wp-content\/uploads\/sites\/22\/2023\/07\/WhatsApp-Image-2023-07-19-at-13.07.10-1-2-1024x767.jpeg\" alt=\"\" class=\"wp-image-162\" srcset=\"https:\/\/divulga.unila.edu.br\/ypora\/wp-content\/uploads\/sites\/22\/2023\/07\/WhatsApp-Image-2023-07-19-at-13.07.10-1-2-1024x767.jpeg 1024w, https:\/\/divulga.unila.edu.br\/ypora\/wp-content\/uploads\/sites\/22\/2023\/07\/WhatsApp-Image-2023-07-19-at-13.07.10-1-2-300x225.jpeg 300w, https:\/\/divulga.unila.edu.br\/ypora\/wp-content\/uploads\/sites\/22\/2023\/07\/WhatsApp-Image-2023-07-19-at-13.07.10-1-2-768x576.jpeg 768w, https:\/\/divulga.unila.edu.br\/ypora\/wp-content\/uploads\/sites\/22\/2023\/07\/WhatsApp-Image-2023-07-19-at-13.07.10-1-2-1536x1151.jpeg 1536w, https:\/\/divulga.unila.edu.br\/ypora\/wp-content\/uploads\/sites\/22\/2023\/07\/WhatsApp-Image-2023-07-19-at-13.07.10-1-2-205x154.jpeg 205w, https:\/\/divulga.unila.edu.br\/ypora\/wp-content\/uploads\/sites\/22\/2023\/07\/WhatsApp-Image-2023-07-19-at-13.07.10-1-2-480x360.jpeg 480w, https:\/\/divulga.unila.edu.br\/ypora\/wp-content\/uploads\/sites\/22\/2023\/07\/WhatsApp-Image-2023-07-19-at-13.07.10-1-2-1568x1175.jpeg 1568w, https:\/\/divulga.unila.edu.br\/ypora\/wp-content\/uploads\/sites\/22\/2023\/07\/WhatsApp-Image-2023-07-19-at-13.07.10-1-2.jpeg 1600w\" sizes=\"(max-width: 1024px) 100vw, 1024px\" \/><\/figure>\n\n\n\n<figure class=\"wp-block-image size-large\"><img loading=\"lazy\" decoding=\"async\" width=\"1024\" height=\"767\" data-id=\"157\" src=\"https:\/\/divulga.unila.edu.br\/ypora\/wp-content\/uploads\/sites\/22\/2023\/07\/WhatsApp-Image-2023-07-19-at-13.07.10-4-2-1024x767.jpeg\" alt=\"\" class=\"wp-image-157\" srcset=\"https:\/\/divulga.unila.edu.br\/ypora\/wp-content\/uploads\/sites\/22\/2023\/07\/WhatsApp-Image-2023-07-19-at-13.07.10-4-2-1024x767.jpeg 1024w, https:\/\/divulga.unila.edu.br\/ypora\/wp-content\/uploads\/sites\/22\/2023\/07\/WhatsApp-Image-2023-07-19-at-13.07.10-4-2-300x225.jpeg 300w, https:\/\/divulga.unila.edu.br\/ypora\/wp-content\/uploads\/sites\/22\/2023\/07\/WhatsApp-Image-2023-07-19-at-13.07.10-4-2-768x576.jpeg 768w, https:\/\/divulga.unila.edu.br\/ypora\/wp-content\/uploads\/sites\/22\/2023\/07\/WhatsApp-Image-2023-07-19-at-13.07.10-4-2-205x154.jpeg 205w, https:\/\/divulga.unila.edu.br\/ypora\/wp-content\/uploads\/sites\/22\/2023\/07\/WhatsApp-Image-2023-07-19-at-13.07.10-4-2-480x360.jpeg 480w, https:\/\/divulga.unila.edu.br\/ypora\/wp-content\/uploads\/sites\/22\/2023\/07\/WhatsApp-Image-2023-07-19-at-13.07.10-4-2.jpeg 1501w\" sizes=\"(max-width: 1024px) 100vw, 1024px\" \/><\/figure>\n<\/figure>\n","protected":false},"excerpt":{"rendered":"<p>Col\u00e9gio La Salle e o Teko \u00d1emoingo Nicole e Nathalia realizaram duas interven\u00e7\u00f5es did\u00e1ticas em escolas de Santa Rosa, no munic\u00edpio de S\u00e3o Miguel do Igua\u00e7u. As escolas municipais est\u00e3o pr\u00f3ximas uma da outra em \u00e1reas vizinhas ao Lago de Itaipu. A equipe Ypor\u00e3 foi recebida com muito carinho pelas integrantes de ambas comunidades escolares &#8212; com &#8216;Guten Morgen&#8217; em uma e &#8216;Maitei&#8217; na outra &#8212; e as atividades foram um sucesso. Os participantes &#8212; alunas\/os entre 7 e 10 anos de idade &#8212; se envolveram com aten\u00e7\u00e3o nas din\u00e2micas e aprenderam, entre outras coisas, sobre a import\u00e2ncia de separar o lixo e de como faz\u00ea-lo levando em conta os processos de coleta e reciclagem, que envolvem diferentes cores segundo a natureza do material descartado.&nbsp;<\/p>\n","protected":false},"author":54,"featured_media":0,"comment_status":"open","ping_status":"open","sticky":false,"template":"","format":"standard","meta":{"_uag_custom_page_level_css":"","_themeisle_gutenberg_block_has_review":false,"footnotes":""},"categories":[1],"tags":[],"class_list":["post-140","post","type-post","status-publish","format-standard","hentry","category-sem-categoria","entry"],"uagb_featured_image_src":{"full":false,"thumbnail":false,"medium":false,"medium_large":false,"large":false,"1536x1536":false,"2048x2048":false,"htmega_size_585x295":false,"htmega_size_1170x536":false,"htmega_size_396x360":false,"tainacan-small":false,"tainacan-medium":false,"tainacan-medium-full":false,"tainacan-large-full":false,"post-thumbnail":false},"uagb_author_info":{"display_name":"nam.bogado.2019","author_link":"https:\/\/divulga.unila.edu.br\/ypora\/author\/nambogado2019\/"},"uagb_comment_info":0,"uagb_excerpt":"Col\u00e9gio La Salle e o Teko \u00d1emoingo Nicole e Nathalia realizaram duas interven\u00e7\u00f5es did\u00e1ticas em escolas de Santa Rosa, no munic\u00edpio de S\u00e3o Miguel do Igua\u00e7u. As escolas municipais est\u00e3o pr\u00f3ximas uma da outra em \u00e1reas vizinhas ao Lago de Itaipu. A equipe Ypor\u00e3 foi recebida com muito carinho pelas integrantes de ambas comunidades escolares&hellip;","_links":{"self":[{"href":"https:\/\/divulga.unila.edu.br\/ypora\/wp-json\/wp\/v2\/posts\/140","targetHints":{"allow":["GET"]}}],"collection":[{"href":"https:\/\/divulga.unila.edu.br\/ypora\/wp-json\/wp\/v2\/posts"}],"about":[{"href":"https:\/\/divulga.unila.edu.br\/ypora\/wp-json\/wp\/v2\/types\/post"}],"author":[{"embeddable":true,"href":"https:\/\/divulga.unila.edu.br\/ypora\/wp-json\/wp\/v2\/users\/54"}],"replies":[{"embeddable":true,"href":"https:\/\/divulga.unila.edu.br\/ypora\/wp-json\/wp\/v2\/comments?post=140"}],"version-history":[{"count":2,"href":"https:\/\/divulga.unila.edu.br\/ypora\/wp-json\/wp\/v2\/posts\/140\/revisions"}],"predecessor-version":[{"id":204,"href":"https:\/\/divulga.unila.edu.br\/ypora\/wp-json\/wp\/v2\/posts\/140\/revisions\/204"}],"wp:attachment":[{"href":"https:\/\/divulga.unila.edu.br\/ypora\/wp-json\/wp\/v2\/media?parent=140"}],"wp:term":[{"taxonomy":"category","embeddable":true,"href":"https:\/\/divulga.unila.edu.br\/ypora\/wp-json\/wp\/v2\/categories?post=140"},{"taxonomy":"post_tag","embeddable":true,"href":"https:\/\/divulga.unila.edu.br\/ypora\/wp-json\/wp\/v2\/tags?post=140"}],"curies":[{"name":"wp","href":"https:\/\/api.w.org\/{rel}","templated":true}]}}