{"id":9915,"date":"2021-10-04T09:49:44","date_gmt":"2021-10-04T12:49:44","guid":{"rendered":"https:\/\/unila.edu.br\/umapas\/?p=9915"},"modified":"2021-10-04T09:49:44","modified_gmt":"2021-10-04T12:49:44","slug":"politicas-publicas-de-desenvolvimento-rural-e-seguranca-alimentar-no-ambito-da-reuniao-especializada-sobre-agricultura-familiar-do-mercosul-reaf","status":"publish","type":"post","link":"https:\/\/divulga.unila.edu.br\/umapas\/?p=9915","title":{"rendered":"Pol\u00edticas P\u00fablicas de Desenvolvimento Rural e Seguran\u00e7a Alimentar no \u00e2mbito da Reuni\u00e3o Especializada sobre Agricultura Familiar do Mercosul (REAF)"},"content":{"rendered":"<p style=\"text-align: justify;\"><strong>Coordenador:<\/strong> Regis da Cunha Belem<\/p>\n<p style=\"text-align: justify;\"><strong>Contato:<\/strong> regis.belem@unila.edu.br<\/p>\n<p><strong>Local de realiza\u00e7\u00e3o:<\/strong> UNILA Campus PTI &#8211; Parque Tecnol\u00f3gico Itaipu &#8211; Avenida Tancredo Neves, 6731, Jardim Itaipu, Foz do Igua\u00e7u, Paran\u00e1 &#8211; Brasil.<\/p>\n<p><strong>Para mais informa\u00e7\u00f5es, acesse: <\/strong><a href=\"https:\/\/sig.unila.edu.br\/sigaa\/link\/public\/extensao\/visualizacaoAcaoExtensao\/91795309\" target=\"_blank\">https:\/\/sig.unila.edu.br\/sigaa\/link\/public\/extensao\/visualizacaoAcaoExtensao\/91795309<\/a><strong><br \/>\n<\/strong><\/p>\n","protected":false},"excerpt":{"rendered":"<p>Coordenador: Regis da Cunha Belem Contato: regis.belem@unila.edu.br Local de realiza\u00e7\u00e3o: UNILA Campus PTI &#8211; Parque Tecnol\u00f3gico Itaipu &#8211; Avenida Tancredo Neves, 6731, Jardim Itaipu, Foz do Igua\u00e7u, Paran\u00e1 &#8211; Brasil. Para mais informa\u00e7\u00f5es, acesse: https:\/\/sig.unila.edu.br\/sigaa\/link\/public\/extensao\/visualizacaoAcaoExtensao\/91795309<\/p>\n","protected":false},"author":24,"featured_media":0,"comment_status":"closed","ping_status":"open","sticky":false,"template":"","format":"standard","meta":{"footnotes":""},"categories":[42,57,43],"tags":[],"class_list":["post-9915","post","type-post","status-publish","format-standard","hentry","category-acao-de-extensao","category-economia-politica-e-desenvolvimento","category-projeto"],"_links":{"self":[{"href":"https:\/\/divulga.unila.edu.br\/umapas\/index.php?rest_route=\/wp\/v2\/posts\/9915","targetHints":{"allow":["GET"]}}],"collection":[{"href":"https:\/\/divulga.unila.edu.br\/umapas\/index.php?rest_route=\/wp\/v2\/posts"}],"about":[{"href":"https:\/\/divulga.unila.edu.br\/umapas\/index.php?rest_route=\/wp\/v2\/types\/post"}],"author":[{"embeddable":true,"href":"https:\/\/divulga.unila.edu.br\/umapas\/index.php?rest_route=\/wp\/v2\/users\/24"}],"replies":[{"embeddable":true,"href":"https:\/\/divulga.unila.edu.br\/umapas\/index.php?rest_route=%2Fwp%2Fv2%2Fcomments&post=9915"}],"version-history":[{"count":1,"href":"https:\/\/divulga.unila.edu.br\/umapas\/index.php?rest_route=\/wp\/v2\/posts\/9915\/revisions"}],"predecessor-version":[{"id":9916,"href":"https:\/\/divulga.unila.edu.br\/umapas\/index.php?rest_route=\/wp\/v2\/posts\/9915\/revisions\/9916"}],"wp:attachment":[{"href":"https:\/\/divulga.unila.edu.br\/umapas\/index.php?rest_route=%2Fwp%2Fv2%2Fmedia&parent=9915"}],"wp:term":[{"taxonomy":"category","embeddable":true,"href":"https:\/\/divulga.unila.edu.br\/umapas\/index.php?rest_route=%2Fwp%2Fv2%2Fcategories&post=9915"},{"taxonomy":"post_tag","embeddable":true,"href":"https:\/\/divulga.unila.edu.br\/umapas\/index.php?rest_route=%2Fwp%2Fv2%2Ftags&post=9915"}],"curies":[{"name":"wp","href":"https:\/\/api.w.org\/{rel}","templated":true}]}}