{"id":9581,"date":"2021-09-03T11:16:14","date_gmt":"2021-09-03T14:16:14","guid":{"rendered":"https:\/\/unila.edu.br\/umapas\/?p=9581"},"modified":"2021-09-03T11:16:14","modified_gmt":"2021-09-03T14:16:14","slug":"america-latina-e-o-caribe-online-aloc-a-adhilac-brasil-e-a-triplice-fronteira-5","status":"publish","type":"post","link":"https:\/\/divulga.unila.edu.br\/umapas\/?p=9581","title":{"rendered":"Am\u00e9rica Latina e o Caribe online (aloc), a ADHILAC &#8211; Brasil e a tr\u00edplice fronteira"},"content":{"rendered":"<p style=\"text-align: justify;\"><strong>Coordenador:<\/strong> Hernan Venegas Marcelo<\/p>\n<p style=\"text-align: justify;\"><strong>Contato:<\/strong> hernan.venegas@unila.edu.br<\/p>\n<p><strong>Local de realiza\u00e7\u00e3o:<\/strong> Centro Universit\u00e1rio Din\u00e2mico das Cataratas (UDC Centro) &#8211; Rua Castelo Branco, 349, Centro, Foz do Igua\u00e7u, Paran\u00e1 &#8211; Brasil.<\/p>\n<p><strong>Para mais informa\u00e7\u00f5es, acesse: <\/strong><a href=\"https:\/\/sig.unila.edu.br\/sigaa\/link\/public\/extensao\/visualizacaoAcaoExtensao\/91794662\" target=\"_blank\">https:\/\/sig.unila.edu.br\/sigaa\/link\/public\/extensao\/visualizacaoAcaoExtensao\/91794662<\/a><strong><br \/>\n<\/strong><\/p>\n","protected":false},"excerpt":{"rendered":"<p>Coordenador: Hernan Venegas Marcelo Contato: hernan.venegas@unila.edu.br Local de realiza\u00e7\u00e3o: Centro Universit\u00e1rio Din\u00e2mico das Cataratas (UDC Centro) &#8211; Rua Castelo Branco, 349, Centro, Foz do Igua\u00e7u, Paran\u00e1 &#8211; Brasil. Para mais informa\u00e7\u00f5es, acesse: https:\/\/sig.unila.edu.br\/sigaa\/link\/public\/extensao\/visualizacaoAcaoExtensao\/91794662<\/p>\n","protected":false},"author":24,"featured_media":0,"comment_status":"closed","ping_status":"open","sticky":false,"template":"","format":"standard","meta":{"footnotes":""},"categories":[42,49,43],"tags":[],"class_list":["post-9581","post","type-post","status-publish","format-standard","hentry","category-acao-de-extensao","category-comunicacao","category-projeto"],"_links":{"self":[{"href":"https:\/\/divulga.unila.edu.br\/umapas\/index.php?rest_route=\/wp\/v2\/posts\/9581","targetHints":{"allow":["GET"]}}],"collection":[{"href":"https:\/\/divulga.unila.edu.br\/umapas\/index.php?rest_route=\/wp\/v2\/posts"}],"about":[{"href":"https:\/\/divulga.unila.edu.br\/umapas\/index.php?rest_route=\/wp\/v2\/types\/post"}],"author":[{"embeddable":true,"href":"https:\/\/divulga.unila.edu.br\/umapas\/index.php?rest_route=\/wp\/v2\/users\/24"}],"replies":[{"embeddable":true,"href":"https:\/\/divulga.unila.edu.br\/umapas\/index.php?rest_route=%2Fwp%2Fv2%2Fcomments&post=9581"}],"version-history":[{"count":1,"href":"https:\/\/divulga.unila.edu.br\/umapas\/index.php?rest_route=\/wp\/v2\/posts\/9581\/revisions"}],"predecessor-version":[{"id":9584,"href":"https:\/\/divulga.unila.edu.br\/umapas\/index.php?rest_route=\/wp\/v2\/posts\/9581\/revisions\/9584"}],"wp:attachment":[{"href":"https:\/\/divulga.unila.edu.br\/umapas\/index.php?rest_route=%2Fwp%2Fv2%2Fmedia&parent=9581"}],"wp:term":[{"taxonomy":"category","embeddable":true,"href":"https:\/\/divulga.unila.edu.br\/umapas\/index.php?rest_route=%2Fwp%2Fv2%2Fcategories&post=9581"},{"taxonomy":"post_tag","embeddable":true,"href":"https:\/\/divulga.unila.edu.br\/umapas\/index.php?rest_route=%2Fwp%2Fv2%2Ftags&post=9581"}],"curies":[{"name":"wp","href":"https:\/\/api.w.org\/{rel}","templated":true}]}}