{"id":955,"date":"2017-04-06T19:06:29","date_gmt":"2017-04-06T19:06:29","guid":{"rendered":"http:\/\/10.80.6.168\/wordpress.mapeamento\/?p=955"},"modified":"2017-09-06T17:53:19","modified_gmt":"2017-09-06T17:53:19","slug":"oficinas-de-ecodesign-participativo-para-a-economia-solidaria-2","status":"publish","type":"post","link":"https:\/\/divulga.unila.edu.br\/umapas\/?p=955","title":{"rendered":"Oficinas de Ecodesign Participativo para a Economia Solid\u00e1ria"},"content":{"rendered":"<p><strong>Coordenadora:<\/strong> Celine Fel\u00edcio Ver\u00edssimo<\/p>\n<p><strong>Contato:<\/strong> celine.verissimo@unila.edu.br<\/p>\n<p><strong>Local de realiza\u00e7\u00e3o:<\/strong> \u00d1andeva Programa Trinacional de Artesanato &#8211; Avenida Tancredo Neves, 6731, Foz do Igua\u00e7u \u2013 PR. CEP: 85867-000<\/p>\n<p><strong>Para mais informa\u00e7\u00f5es, acesse:<\/strong> <a href=\"https:\/\/sig.unila.edu.br\/sigaa\/link\/public\/extensao\/visualizacaoAcaoExtensao\/91793758\" target=\"_blank\">https:\/\/sig.unila.edu.br\/sigaa\/link\/public\/extensao\/visualizacaoAcaoExtensao\/91793758<\/a><\/p>\n","protected":false},"excerpt":{"rendered":"<p>Coordenadora: Celine Fel\u00edcio Ver\u00edssimo Contato: celine.verissimo@unila.edu.br Local de realiza\u00e7\u00e3o: \u00d1andeva Programa Trinacional de Artesanato &#8211; Avenida Tancredo Neves, 6731, Foz do Igua\u00e7u \u2013 PR. CEP: 85867-000 Para mais informa\u00e7\u00f5es, acesse: https:\/\/sig.unila.edu.br\/sigaa\/link\/public\/extensao\/visualizacaoAcaoExtensao\/91793758<\/p>\n","protected":false},"author":2,"featured_media":0,"comment_status":"open","ping_status":"open","sticky":false,"template":"","format":"standard","meta":{"footnotes":""},"categories":[42,45,55],"tags":[],"class_list":["post-955","post","type-post","status-publish","format-standard","hentry","category-acao-de-extensao","category-curso","category-tecnologia-e-producao"],"_links":{"self":[{"href":"https:\/\/divulga.unila.edu.br\/umapas\/index.php?rest_route=\/wp\/v2\/posts\/955","targetHints":{"allow":["GET"]}}],"collection":[{"href":"https:\/\/divulga.unila.edu.br\/umapas\/index.php?rest_route=\/wp\/v2\/posts"}],"about":[{"href":"https:\/\/divulga.unila.edu.br\/umapas\/index.php?rest_route=\/wp\/v2\/types\/post"}],"author":[{"embeddable":true,"href":"https:\/\/divulga.unila.edu.br\/umapas\/index.php?rest_route=\/wp\/v2\/users\/2"}],"replies":[{"embeddable":true,"href":"https:\/\/divulga.unila.edu.br\/umapas\/index.php?rest_route=%2Fwp%2Fv2%2Fcomments&post=955"}],"version-history":[{"count":1,"href":"https:\/\/divulga.unila.edu.br\/umapas\/index.php?rest_route=\/wp\/v2\/posts\/955\/revisions"}],"predecessor-version":[{"id":956,"href":"https:\/\/divulga.unila.edu.br\/umapas\/index.php?rest_route=\/wp\/v2\/posts\/955\/revisions\/956"}],"wp:attachment":[{"href":"https:\/\/divulga.unila.edu.br\/umapas\/index.php?rest_route=%2Fwp%2Fv2%2Fmedia&parent=955"}],"wp:term":[{"taxonomy":"category","embeddable":true,"href":"https:\/\/divulga.unila.edu.br\/umapas\/index.php?rest_route=%2Fwp%2Fv2%2Fcategories&post=955"},{"taxonomy":"post_tag","embeddable":true,"href":"https:\/\/divulga.unila.edu.br\/umapas\/index.php?rest_route=%2Fwp%2Fv2%2Ftags&post=955"}],"curies":[{"name":"wp","href":"https:\/\/api.w.org\/{rel}","templated":true}]}}