{"id":951,"date":"2017-03-13T17:20:05","date_gmt":"2017-03-13T17:20:05","guid":{"rendered":"http:\/\/10.80.6.168\/wordpress.mapeamento\/?p=951"},"modified":"2017-09-04T18:16:19","modified_gmt":"2017-09-04T18:16:19","slug":"arabe-arabismo-e-islamismo-na-triplice-fronteira-2","status":"publish","type":"post","link":"https:\/\/divulga.unila.edu.br\/umapas\/?p=951","title":{"rendered":"\u00c1rabe, Arabismo e Islamismo na Tr\u00edplice Fronteira"},"content":{"rendered":"<p style=\"text-align: justify;\"><strong>Coordenador:<\/strong> Mamadou Alpha Diallo<\/p>\n<p style=\"text-align: justify;\"><strong>Contato:<\/strong> mamadou.diallo@unila.edu.br<\/p>\n<p><strong>Local de realiza\u00e7\u00e3o:<\/strong> Sociedade Beneficente Isl\u00e2mica \u2013 Avenida Jos\u00e9 Maria de Brito, 929, Jardim das Na\u00e7\u00f5es, Foz do Igua\u00e7u \u2013 PR. CEP: 85864-320 (2 de 2)<\/p>\n<p><strong>Para mais informa\u00e7\u00f5es, acesse:<\/strong>\u00a0<a href=\"https:\/\/sig.unila.edu.br\/sigaa\/link\/public\/extensao\/visualizacaoAcaoExtensao\/91793756\" target=\"_blank\">https:\/\/sig.unila.edu.br\/sigaa\/link\/public\/extensao\/visualizacaoAcaoExtensao\/91793756<\/a><\/p>\n","protected":false},"excerpt":{"rendered":"<p>Coordenador: Mamadou Alpha Diallo Contato: mamadou.diallo@unila.edu.br Local de realiza\u00e7\u00e3o: Sociedade Beneficente Isl\u00e2mica \u2013 Avenida Jos\u00e9 Maria de Brito, 929, Jardim das Na\u00e7\u00f5es, Foz do Igua\u00e7u \u2013 PR. CEP: 85864-320 (2 de 2) Para mais informa\u00e7\u00f5es, acesse:\u00a0https:\/\/sig.unila.edu.br\/sigaa\/link\/public\/extensao\/visualizacaoAcaoExtensao\/91793756<\/p>\n","protected":false},"author":2,"featured_media":0,"comment_status":"open","ping_status":"open","sticky":false,"template":"","format":"standard","meta":{"footnotes":""},"categories":[42,45,52],"tags":[],"class_list":["post-951","post","type-post","status-publish","format-standard","hentry","category-acao-de-extensao","category-curso","category-educacao-letras-e-linguas"],"_links":{"self":[{"href":"https:\/\/divulga.unila.edu.br\/umapas\/index.php?rest_route=\/wp\/v2\/posts\/951","targetHints":{"allow":["GET"]}}],"collection":[{"href":"https:\/\/divulga.unila.edu.br\/umapas\/index.php?rest_route=\/wp\/v2\/posts"}],"about":[{"href":"https:\/\/divulga.unila.edu.br\/umapas\/index.php?rest_route=\/wp\/v2\/types\/post"}],"author":[{"embeddable":true,"href":"https:\/\/divulga.unila.edu.br\/umapas\/index.php?rest_route=\/wp\/v2\/users\/2"}],"replies":[{"embeddable":true,"href":"https:\/\/divulga.unila.edu.br\/umapas\/index.php?rest_route=%2Fwp%2Fv2%2Fcomments&post=951"}],"version-history":[{"count":2,"href":"https:\/\/divulga.unila.edu.br\/umapas\/index.php?rest_route=\/wp\/v2\/posts\/951\/revisions"}],"predecessor-version":[{"id":1245,"href":"https:\/\/divulga.unila.edu.br\/umapas\/index.php?rest_route=\/wp\/v2\/posts\/951\/revisions\/1245"}],"wp:attachment":[{"href":"https:\/\/divulga.unila.edu.br\/umapas\/index.php?rest_route=%2Fwp%2Fv2%2Fmedia&parent=951"}],"wp:term":[{"taxonomy":"category","embeddable":true,"href":"https:\/\/divulga.unila.edu.br\/umapas\/index.php?rest_route=%2Fwp%2Fv2%2Fcategories&post=951"},{"taxonomy":"post_tag","embeddable":true,"href":"https:\/\/divulga.unila.edu.br\/umapas\/index.php?rest_route=%2Fwp%2Fv2%2Ftags&post=951"}],"curies":[{"name":"wp","href":"https:\/\/api.w.org\/{rel}","templated":true}]}}