{"id":946,"date":"2017-03-23T18:36:36","date_gmt":"2017-03-23T18:36:36","guid":{"rendered":"http:\/\/10.80.6.168\/wordpress.mapeamento\/?p=946"},"modified":"2017-09-06T18:00:41","modified_gmt":"2017-09-06T18:00:41","slug":"grupo-de-apoio-sobre-gestacao-parto-e-aleitamento-materno-na-rede-de-atencao-basica-de-foz-do-iguacu-6","status":"publish","type":"post","link":"https:\/\/divulga.unila.edu.br\/umapas\/?p=946","title":{"rendered":"Grupo de Apoio sobre Gesta\u00e7\u00e3o, Parto e Aleitamento Materno na Rede de Aten\u00e7\u00e3o B\u00e1sica de Foz do Igua\u00e7u"},"content":{"rendered":"<p style=\"text-align: justify;\"><strong>Coordenador:<\/strong> Alisson Vin\u00edcius Silva Ferreira<\/p>\n<p style=\"text-align: justify;\"><strong>Contato:<\/strong> alisson.ferreira@unila.edu.br<\/p>\n<p><strong>Local de realiza\u00e7\u00e3o:<\/strong> USF Vila C Nova \u2013 Rua O, s\/n, Vila C Nova, Foz do Igua\u00e7u \u2013 PR. CEP: 85870-396 (6 de 6)<\/p>\n<p><strong>Para mais informa\u00e7\u00f5es, acesse:<\/strong> <a href=\"https:\/\/sig.unila.edu.br\/sigaa\/link\/public\/extensao\/visualizacaoAcaoExtensao\/91793736\" target=\"_blank\">https:\/\/sig.unila.edu.br\/sigaa\/link\/public\/extensao\/visualizacaoAcaoExtensao\/91793736<\/a><\/p>\n","protected":false},"excerpt":{"rendered":"<p>Coordenador: Alisson Vin\u00edcius Silva Ferreira Contato: alisson.ferreira@unila.edu.br Local de realiza\u00e7\u00e3o: USF Vila C Nova \u2013 Rua O, s\/n, Vila C Nova, Foz do Igua\u00e7u \u2013 PR. CEP: 85870-396 (6 de 6) Para mais informa\u00e7\u00f5es, acesse: https:\/\/sig.unila.edu.br\/sigaa\/link\/public\/extensao\/visualizacaoAcaoExtensao\/91793736<\/p>\n","protected":false},"author":2,"featured_media":0,"comment_status":"open","ping_status":"open","sticky":false,"template":"","format":"standard","meta":{"footnotes":""},"categories":[42,43,54],"tags":[],"class_list":["post-946","post","type-post","status-publish","format-standard","hentry","category-acao-de-extensao","category-projeto","category-saude"],"_links":{"self":[{"href":"https:\/\/divulga.unila.edu.br\/umapas\/index.php?rest_route=\/wp\/v2\/posts\/946","targetHints":{"allow":["GET"]}}],"collection":[{"href":"https:\/\/divulga.unila.edu.br\/umapas\/index.php?rest_route=\/wp\/v2\/posts"}],"about":[{"href":"https:\/\/divulga.unila.edu.br\/umapas\/index.php?rest_route=\/wp\/v2\/types\/post"}],"author":[{"embeddable":true,"href":"https:\/\/divulga.unila.edu.br\/umapas\/index.php?rest_route=\/wp\/v2\/users\/2"}],"replies":[{"embeddable":true,"href":"https:\/\/divulga.unila.edu.br\/umapas\/index.php?rest_route=%2Fwp%2Fv2%2Fcomments&post=946"}],"version-history":[{"count":1,"href":"https:\/\/divulga.unila.edu.br\/umapas\/index.php?rest_route=\/wp\/v2\/posts\/946\/revisions"}],"predecessor-version":[{"id":947,"href":"https:\/\/divulga.unila.edu.br\/umapas\/index.php?rest_route=\/wp\/v2\/posts\/946\/revisions\/947"}],"wp:attachment":[{"href":"https:\/\/divulga.unila.edu.br\/umapas\/index.php?rest_route=%2Fwp%2Fv2%2Fmedia&parent=946"}],"wp:term":[{"taxonomy":"category","embeddable":true,"href":"https:\/\/divulga.unila.edu.br\/umapas\/index.php?rest_route=%2Fwp%2Fv2%2Fcategories&post=946"},{"taxonomy":"post_tag","embeddable":true,"href":"https:\/\/divulga.unila.edu.br\/umapas\/index.php?rest_route=%2Fwp%2Fv2%2Ftags&post=946"}],"curies":[{"name":"wp","href":"https:\/\/api.w.org\/{rel}","templated":true}]}}