{"id":9411,"date":"2021-09-03T10:06:32","date_gmt":"2021-09-03T13:06:32","guid":{"rendered":"https:\/\/unila.edu.br\/umapas\/?p=9411"},"modified":"2021-09-03T10:06:32","modified_gmt":"2021-09-03T13:06:32","slug":"do-espaco-livre-ao-espaco-apropriado-uma-proposta-de-requalificacao-para-as-areas-de-lazer-de-quatro-casas-lares-em-foz-do-iguacu-pr-2","status":"publish","type":"post","link":"https:\/\/divulga.unila.edu.br\/umapas\/?p=9411","title":{"rendered":"Do espa\u00e7o livre ao espa\u00e7o apropriado: uma proposta de requalifica\u00e7\u00e3o para as \u00e1reas de lazer de quatro casas-lares em Foz do Igua\u00e7u &#8211; PR"},"content":{"rendered":"<p style=\"text-align: justify;\"><strong>Coordenadora:<\/strong> Juliana Pires Frigo<\/p>\n<p style=\"text-align: justify;\"><strong>Contato:<\/strong> juliana.frigo@unila.edu.br<\/p>\n<p><strong>Local de realiza\u00e7\u00e3o:<\/strong> Comunidade dos Pequenos Trabalhadores (CDPT) &#8211; Rua Pomp\u00e9u de Tol\u00eado, 830, Jardim S\u00e3o Miguel, Foz do Igua\u00e7u, Paran\u00e1 &#8211; Brasil.<\/p>\n<p><strong>Para mais informa\u00e7\u00f5es, acesse: <\/strong><a href=\"https:\/\/sig.unila.edu.br\/sigaa\/link\/public\/extensao\/visualizacaoAcaoExtensao\/91794512\" target=\"_blank\">https:\/\/sig.unila.edu.br\/sigaa\/link\/public\/extensao\/visualizacaoAcaoExtensao\/91794512<\/a><strong><br \/>\n<\/strong><\/p>\n","protected":false},"excerpt":{"rendered":"<p>Coordenadora: Juliana Pires Frigo Contato: juliana.frigo@unila.edu.br Local de realiza\u00e7\u00e3o: Comunidade dos Pequenos Trabalhadores (CDPT) &#8211; Rua Pomp\u00e9u de Tol\u00eado, 830, Jardim S\u00e3o Miguel, Foz do Igua\u00e7u, Paran\u00e1 &#8211; Brasil. Para mais informa\u00e7\u00f5es, acesse: https:\/\/sig.unila.edu.br\/sigaa\/link\/public\/extensao\/visualizacaoAcaoExtensao\/91794512<\/p>\n","protected":false},"author":24,"featured_media":0,"comment_status":"closed","ping_status":"open","sticky":false,"template":"","format":"standard","meta":{"footnotes":""},"categories":[42,51,43],"tags":[],"class_list":["post-9411","post","type-post","status-publish","format-standard","hentry","category-acao-de-extensao","category-direitos-humanos-e-justica","category-projeto"],"_links":{"self":[{"href":"https:\/\/divulga.unila.edu.br\/umapas\/index.php?rest_route=\/wp\/v2\/posts\/9411","targetHints":{"allow":["GET"]}}],"collection":[{"href":"https:\/\/divulga.unila.edu.br\/umapas\/index.php?rest_route=\/wp\/v2\/posts"}],"about":[{"href":"https:\/\/divulga.unila.edu.br\/umapas\/index.php?rest_route=\/wp\/v2\/types\/post"}],"author":[{"embeddable":true,"href":"https:\/\/divulga.unila.edu.br\/umapas\/index.php?rest_route=\/wp\/v2\/users\/24"}],"replies":[{"embeddable":true,"href":"https:\/\/divulga.unila.edu.br\/umapas\/index.php?rest_route=%2Fwp%2Fv2%2Fcomments&post=9411"}],"version-history":[{"count":1,"href":"https:\/\/divulga.unila.edu.br\/umapas\/index.php?rest_route=\/wp\/v2\/posts\/9411\/revisions"}],"predecessor-version":[{"id":9412,"href":"https:\/\/divulga.unila.edu.br\/umapas\/index.php?rest_route=\/wp\/v2\/posts\/9411\/revisions\/9412"}],"wp:attachment":[{"href":"https:\/\/divulga.unila.edu.br\/umapas\/index.php?rest_route=%2Fwp%2Fv2%2Fmedia&parent=9411"}],"wp:term":[{"taxonomy":"category","embeddable":true,"href":"https:\/\/divulga.unila.edu.br\/umapas\/index.php?rest_route=%2Fwp%2Fv2%2Fcategories&post=9411"},{"taxonomy":"post_tag","embeddable":true,"href":"https:\/\/divulga.unila.edu.br\/umapas\/index.php?rest_route=%2Fwp%2Fv2%2Ftags&post=9411"}],"curies":[{"name":"wp","href":"https:\/\/api.w.org\/{rel}","templated":true}]}}