{"id":934,"date":"2017-03-27T19:08:49","date_gmt":"2017-03-27T19:08:49","guid":{"rendered":"http:\/\/10.80.6.168\/wordpress.mapeamento\/?p=934"},"modified":"2021-07-29T16:04:50","modified_gmt":"2021-07-29T19:04:50","slug":"aty-mirim-2","status":"publish","type":"post","link":"https:\/\/divulga.unila.edu.br\/umapas\/?p=934","title":{"rendered":"Aty Mirim"},"content":{"rendered":"<p style=\"text-align: justify;\"><strong>Coordenador:<\/strong> Cl\u00f3vis Ant\u00f4nio Brighenti<\/p>\n<p style=\"text-align: justify;\"><strong>Contato:<\/strong> clovisbrighenti@hotmail.com<\/p>\n<p><strong>Local de realiza\u00e7\u00e3o:<\/strong> Tekoha Ocoy<span data-sheets-value=\"{&quot;1&quot;:2,&quot;2&quot;:&quot;Col\u00e9gio Estadual Ind\u00edgena Teko \u00d1emoingo&quot;}\" data-sheets-userformat=\"{&quot;2&quot;:14785,&quot;3&quot;:{&quot;1&quot;:0},&quot;9&quot;:0,&quot;10&quot;:1,&quot;11&quot;:3,&quot;14&quot;:[null,2,16711680],&quot;15&quot;:&quot;Times New Roman&quot;,&quot;16&quot;:10}\">\u00a0&#8211;\u00a0<\/span>Reserva Ind\u00edgena\u00a0Av\u00e1 Guarani, S\u00e3o Miguel do Igua\u00e7u \u2013 PR (2 de 7)<\/p>\n<p><strong>Para mais informa\u00e7\u00f5es, acesse:<\/strong> <a href=\"https:\/\/sig.unila.edu.br\/sigaa\/link\/public\/extensao\/visualizacaoAcaoExtensao\/91793900\" target=\"_blank\">https:\/\/sig.unila.edu.br\/sigaa\/link\/public\/extensao\/visualizacaoAcaoExtensao\/91793900<\/a><\/p>\n","protected":false},"excerpt":{"rendered":"<p>Coordenador: Cl\u00f3vis Ant\u00f4nio Brighenti Contato: clovisbrighenti@hotmail.com Local de realiza\u00e7\u00e3o: Tekoha Ocoy\u00a0&#8211;\u00a0Reserva Ind\u00edgena\u00a0Av\u00e1 Guarani, S\u00e3o Miguel do Igua\u00e7u \u2013 PR (2 de 7) Para mais informa\u00e7\u00f5es, acesse: https:\/\/sig.unila.edu.br\/sigaa\/link\/public\/extensao\/visualizacaoAcaoExtensao\/91793900<\/p>\n","protected":false},"author":2,"featured_media":0,"comment_status":"open","ping_status":"open","sticky":false,"template":"","format":"standard","meta":{"footnotes":""},"categories":[42,51,43],"tags":[],"class_list":["post-934","post","type-post","status-publish","format-standard","hentry","category-acao-de-extensao","category-direitos-humanos-e-justica","category-projeto"],"_links":{"self":[{"href":"https:\/\/divulga.unila.edu.br\/umapas\/index.php?rest_route=\/wp\/v2\/posts\/934","targetHints":{"allow":["GET"]}}],"collection":[{"href":"https:\/\/divulga.unila.edu.br\/umapas\/index.php?rest_route=\/wp\/v2\/posts"}],"about":[{"href":"https:\/\/divulga.unila.edu.br\/umapas\/index.php?rest_route=\/wp\/v2\/types\/post"}],"author":[{"embeddable":true,"href":"https:\/\/divulga.unila.edu.br\/umapas\/index.php?rest_route=\/wp\/v2\/users\/2"}],"replies":[{"embeddable":true,"href":"https:\/\/divulga.unila.edu.br\/umapas\/index.php?rest_route=%2Fwp%2Fv2%2Fcomments&post=934"}],"version-history":[{"count":3,"href":"https:\/\/divulga.unila.edu.br\/umapas\/index.php?rest_route=\/wp\/v2\/posts\/934\/revisions"}],"predecessor-version":[{"id":8520,"href":"https:\/\/divulga.unila.edu.br\/umapas\/index.php?rest_route=\/wp\/v2\/posts\/934\/revisions\/8520"}],"wp:attachment":[{"href":"https:\/\/divulga.unila.edu.br\/umapas\/index.php?rest_route=%2Fwp%2Fv2%2Fmedia&parent=934"}],"wp:term":[{"taxonomy":"category","embeddable":true,"href":"https:\/\/divulga.unila.edu.br\/umapas\/index.php?rest_route=%2Fwp%2Fv2%2Fcategories&post=934"},{"taxonomy":"post_tag","embeddable":true,"href":"https:\/\/divulga.unila.edu.br\/umapas\/index.php?rest_route=%2Fwp%2Fv2%2Ftags&post=934"}],"curies":[{"name":"wp","href":"https:\/\/api.w.org\/{rel}","templated":true}]}}