{"id":9268,"date":"2021-08-24T10:26:35","date_gmt":"2021-08-24T13:26:35","guid":{"rendered":"https:\/\/unila.edu.br\/umapas\/?p=9268"},"modified":"2021-08-24T10:26:35","modified_gmt":"2021-08-24T13:26:35","slug":"vocacao-de-semente-acoes-de-conservacao-e-democratizacao-do-acervo-moema-viezzer-4","status":"publish","type":"post","link":"https:\/\/divulga.unila.edu.br\/umapas\/?p=9268","title":{"rendered":"Voca\u00e7\u00e3o de semente: a\u00e7\u00f5es de conserva\u00e7\u00e3o e democratiza\u00e7\u00e3o do acervo Moema Viezzer"},"content":{"rendered":"<p style=\"text-align: justify;\"><strong>Coordenadora:<\/strong> Suellen Mayara Peres de Oliveira<\/p>\n<p style=\"text-align: justify;\"><strong>Contato:<\/strong> suellen.oliveira@unila.edu.br<\/p>\n<p><strong>Local de realiza\u00e7\u00e3o:<\/strong> Centro de Refer\u00eancia de Atendimento \u00e0 Mulher em Situa\u00e7\u00e3o de Viol\u00eancia (CRAM) &#8211; Rua Padre Bernardo Plate, 1250, Jardim Polo Centro, Foz do Igua\u00e7u, Paran\u00e1 &#8211; Brasil.<\/p>\n<p><strong>Para mais informa\u00e7\u00f5es, acesse: <\/strong><a href=\"https:\/\/sig.unila.edu.br\/sigaa\/link\/public\/extensao\/visualizacaoAcaoExtensao\/91794505\" target=\"_blank\">https:\/\/sig.unila.edu.br\/sigaa\/link\/public\/extensao\/visualizacaoAcaoExtensao\/91794505<\/a><strong><br \/>\n<\/strong><\/p>\n","protected":false},"excerpt":{"rendered":"<p>Coordenadora: Suellen Mayara Peres de Oliveira Contato: suellen.oliveira@unila.edu.br Local de realiza\u00e7\u00e3o: Centro de Refer\u00eancia de Atendimento \u00e0 Mulher em Situa\u00e7\u00e3o de Viol\u00eancia (CRAM) &#8211; Rua Padre Bernardo Plate, 1250, Jardim Polo Centro, Foz do Igua\u00e7u, Paran\u00e1 &#8211; Brasil. Para mais informa\u00e7\u00f5es, acesse: https:\/\/sig.unila.edu.br\/sigaa\/link\/public\/extensao\/visualizacaoAcaoExtensao\/91794505<\/p>\n","protected":false},"author":24,"featured_media":0,"comment_status":"closed","ping_status":"open","sticky":false,"template":"","format":"standard","meta":{"footnotes":""},"categories":[42,50,43],"tags":[],"class_list":["post-9268","post","type-post","status-publish","format-standard","hentry","category-acao-de-extensao","category-cultura-e-artes","category-projeto"],"_links":{"self":[{"href":"https:\/\/divulga.unila.edu.br\/umapas\/index.php?rest_route=\/wp\/v2\/posts\/9268","targetHints":{"allow":["GET"]}}],"collection":[{"href":"https:\/\/divulga.unila.edu.br\/umapas\/index.php?rest_route=\/wp\/v2\/posts"}],"about":[{"href":"https:\/\/divulga.unila.edu.br\/umapas\/index.php?rest_route=\/wp\/v2\/types\/post"}],"author":[{"embeddable":true,"href":"https:\/\/divulga.unila.edu.br\/umapas\/index.php?rest_route=\/wp\/v2\/users\/24"}],"replies":[{"embeddable":true,"href":"https:\/\/divulga.unila.edu.br\/umapas\/index.php?rest_route=%2Fwp%2Fv2%2Fcomments&post=9268"}],"version-history":[{"count":1,"href":"https:\/\/divulga.unila.edu.br\/umapas\/index.php?rest_route=\/wp\/v2\/posts\/9268\/revisions"}],"predecessor-version":[{"id":9270,"href":"https:\/\/divulga.unila.edu.br\/umapas\/index.php?rest_route=\/wp\/v2\/posts\/9268\/revisions\/9270"}],"wp:attachment":[{"href":"https:\/\/divulga.unila.edu.br\/umapas\/index.php?rest_route=%2Fwp%2Fv2%2Fmedia&parent=9268"}],"wp:term":[{"taxonomy":"category","embeddable":true,"href":"https:\/\/divulga.unila.edu.br\/umapas\/index.php?rest_route=%2Fwp%2Fv2%2Fcategories&post=9268"},{"taxonomy":"post_tag","embeddable":true,"href":"https:\/\/divulga.unila.edu.br\/umapas\/index.php?rest_route=%2Fwp%2Fv2%2Ftags&post=9268"}],"curies":[{"name":"wp","href":"https:\/\/api.w.org\/{rel}","templated":true}]}}