{"id":9176,"date":"2021-08-23T12:17:43","date_gmt":"2021-08-23T15:17:43","guid":{"rendered":"https:\/\/unila.edu.br\/umapas\/?p=9176"},"modified":"2021-08-23T12:17:43","modified_gmt":"2021-08-23T15:17:43","slug":"politicas-culturales-triple-frontera-e-integracion-acciones-y-experiencias-en-la-comunidad-de-la-escuela-tres-fronteras-de-presidente-franco","status":"publish","type":"post","link":"https:\/\/divulga.unila.edu.br\/umapas\/?p=9176","title":{"rendered":"Pol\u00edticas culturales: triple frontera e integraci\u00f3n Acciones y experiencias en la comunidad de la escuela Tres fronteras de presidente franco"},"content":{"rendered":"<p style=\"text-align: justify;\"><strong>Coordenador:<\/strong> Anibal Orue Pozzo<\/p>\n<p style=\"text-align: justify;\"><strong>Contato:<\/strong> aoruepozzo@gmail.com<\/p>\n<p><strong>Local de realiza\u00e7\u00e3o:<\/strong> Escuela B\u00e1sica n\u00ba 1515 Tres Fronteras &#8211; Avenida General Bernardino Caballero, San Francisco, Presidente Franco, Alto Paran\u00e1 &#8211; Paraguai.<\/p>\n<p><strong>Para mais informa\u00e7\u00f5es, acesse: <\/strong><a href=\"https:\/\/sig.unila.edu.br\/sigaa\/link\/public\/extensao\/visualizacaoAcaoExtensao\/91794495\" target=\"_blank\">https:\/\/sig.unila.edu.br\/sigaa\/link\/public\/extensao\/visualizacaoAcaoExtensao\/91794495<\/a><strong><br \/>\n<\/strong><\/p>\n","protected":false},"excerpt":{"rendered":"<p>Coordenador: Anibal Orue Pozzo Contato: aoruepozzo@gmail.com Local de realiza\u00e7\u00e3o: Escuela B\u00e1sica n\u00ba 1515 Tres Fronteras &#8211; Avenida General Bernardino Caballero, San Francisco, Presidente Franco, Alto Paran\u00e1 &#8211; Paraguai. Para mais informa\u00e7\u00f5es, acesse: https:\/\/sig.unila.edu.br\/sigaa\/link\/public\/extensao\/visualizacaoAcaoExtensao\/91794495<\/p>\n","protected":false},"author":24,"featured_media":0,"comment_status":"closed","ping_status":"open","sticky":false,"template":"","format":"standard","meta":{"footnotes":""},"categories":[42,56,43],"tags":[],"class_list":["post-9176","post","type-post","status-publish","format-standard","hentry","category-acao-de-extensao","category-inclusao-social","category-projeto"],"_links":{"self":[{"href":"https:\/\/divulga.unila.edu.br\/umapas\/index.php?rest_route=\/wp\/v2\/posts\/9176","targetHints":{"allow":["GET"]}}],"collection":[{"href":"https:\/\/divulga.unila.edu.br\/umapas\/index.php?rest_route=\/wp\/v2\/posts"}],"about":[{"href":"https:\/\/divulga.unila.edu.br\/umapas\/index.php?rest_route=\/wp\/v2\/types\/post"}],"author":[{"embeddable":true,"href":"https:\/\/divulga.unila.edu.br\/umapas\/index.php?rest_route=\/wp\/v2\/users\/24"}],"replies":[{"embeddable":true,"href":"https:\/\/divulga.unila.edu.br\/umapas\/index.php?rest_route=%2Fwp%2Fv2%2Fcomments&post=9176"}],"version-history":[{"count":1,"href":"https:\/\/divulga.unila.edu.br\/umapas\/index.php?rest_route=\/wp\/v2\/posts\/9176\/revisions"}],"predecessor-version":[{"id":9177,"href":"https:\/\/divulga.unila.edu.br\/umapas\/index.php?rest_route=\/wp\/v2\/posts\/9176\/revisions\/9177"}],"wp:attachment":[{"href":"https:\/\/divulga.unila.edu.br\/umapas\/index.php?rest_route=%2Fwp%2Fv2%2Fmedia&parent=9176"}],"wp:term":[{"taxonomy":"category","embeddable":true,"href":"https:\/\/divulga.unila.edu.br\/umapas\/index.php?rest_route=%2Fwp%2Fv2%2Fcategories&post=9176"},{"taxonomy":"post_tag","embeddable":true,"href":"https:\/\/divulga.unila.edu.br\/umapas\/index.php?rest_route=%2Fwp%2Fv2%2Ftags&post=9176"}],"curies":[{"name":"wp","href":"https:\/\/api.w.org\/{rel}","templated":true}]}}