{"id":9164,"date":"2021-08-23T12:13:39","date_gmt":"2021-08-23T15:13:39","guid":{"rendered":"https:\/\/unila.edu.br\/umapas\/?p=9164"},"modified":"2021-08-23T12:13:39","modified_gmt":"2021-08-23T15:13:39","slug":"estudo-sobre-materiais-polimericos-como-forma-de-incentivo-a-entrada-e-a-permanencia-de-mulheres-nas-areas-de-ciencias-exatas-e-engenharias-2","status":"publish","type":"post","link":"https:\/\/divulga.unila.edu.br\/umapas\/?p=9164","title":{"rendered":"Estudo sobre materiais polim\u00e9ricos como forma de incentivo a entrada e a perman\u00eancia de mulheres nas \u00e1reas de ci\u00eancias exatas e engenharias"},"content":{"rendered":"<p style=\"text-align: justify;\"><strong>Coordenadora:<\/strong> Grazielle de Oliveira Setti Gibin<\/p>\n<p style=\"text-align: justify;\"><strong>Contato:<\/strong> grazielle.setti@gmail.com<\/p>\n<p><strong>Local de realiza\u00e7\u00e3o:<\/strong> Centro Estadual de Educa\u00e7\u00e3o Profissional Manoel Moreira Pena &#8211; Avenida General Meira, 391, Jardim Social, Foz do Igua\u00e7u, Paran\u00e1 &#8211; Brasil.<\/p>\n<p><strong>Para mais informa\u00e7\u00f5es, acesse: <\/strong><a href=\"https:\/\/sig.unila.edu.br\/sigaa\/link\/public\/extensao\/visualizacaoAcaoExtensao\/91794527\" target=\"_blank\">https:\/\/sig.unila.edu.br\/sigaa\/link\/public\/extensao\/visualizacaoAcaoExtensao\/91794527<\/a><strong><br \/>\n<\/strong><\/p>\n","protected":false},"excerpt":{"rendered":"<p>Coordenadora: Grazielle de Oliveira Setti Gibin Contato: grazielle.setti@gmail.com Local de realiza\u00e7\u00e3o: Centro Estadual de Educa\u00e7\u00e3o Profissional Manoel Moreira Pena &#8211; Avenida General Meira, 391, Jardim Social, Foz do Igua\u00e7u, Paran\u00e1 &#8211; Brasil. Para mais informa\u00e7\u00f5es, acesse: https:\/\/sig.unila.edu.br\/sigaa\/link\/public\/extensao\/visualizacaoAcaoExtensao\/91794527<\/p>\n","protected":false},"author":24,"featured_media":0,"comment_status":"closed","ping_status":"open","sticky":false,"template":"","format":"standard","meta":{"footnotes":""},"categories":[42,52,43],"tags":[],"class_list":["post-9164","post","type-post","status-publish","format-standard","hentry","category-acao-de-extensao","category-educacao-letras-e-linguas","category-projeto"],"_links":{"self":[{"href":"https:\/\/divulga.unila.edu.br\/umapas\/index.php?rest_route=\/wp\/v2\/posts\/9164","targetHints":{"allow":["GET"]}}],"collection":[{"href":"https:\/\/divulga.unila.edu.br\/umapas\/index.php?rest_route=\/wp\/v2\/posts"}],"about":[{"href":"https:\/\/divulga.unila.edu.br\/umapas\/index.php?rest_route=\/wp\/v2\/types\/post"}],"author":[{"embeddable":true,"href":"https:\/\/divulga.unila.edu.br\/umapas\/index.php?rest_route=\/wp\/v2\/users\/24"}],"replies":[{"embeddable":true,"href":"https:\/\/divulga.unila.edu.br\/umapas\/index.php?rest_route=%2Fwp%2Fv2%2Fcomments&post=9164"}],"version-history":[{"count":1,"href":"https:\/\/divulga.unila.edu.br\/umapas\/index.php?rest_route=\/wp\/v2\/posts\/9164\/revisions"}],"predecessor-version":[{"id":9165,"href":"https:\/\/divulga.unila.edu.br\/umapas\/index.php?rest_route=\/wp\/v2\/posts\/9164\/revisions\/9165"}],"wp:attachment":[{"href":"https:\/\/divulga.unila.edu.br\/umapas\/index.php?rest_route=%2Fwp%2Fv2%2Fmedia&parent=9164"}],"wp:term":[{"taxonomy":"category","embeddable":true,"href":"https:\/\/divulga.unila.edu.br\/umapas\/index.php?rest_route=%2Fwp%2Fv2%2Fcategories&post=9164"},{"taxonomy":"post_tag","embeddable":true,"href":"https:\/\/divulga.unila.edu.br\/umapas\/index.php?rest_route=%2Fwp%2Fv2%2Ftags&post=9164"}],"curies":[{"name":"wp","href":"https:\/\/api.w.org\/{rel}","templated":true}]}}