{"id":904,"date":"2017-03-24T20:32:06","date_gmt":"2017-03-24T20:32:06","guid":{"rendered":"http:\/\/10.80.6.168\/wordpress.mapeamento\/?p=904"},"modified":"2017-09-06T17:56:39","modified_gmt":"2017-09-06T17:56:39","slug":"urbanismo-nos-territorios-de-fronteira-discutindo-a-relacao-cidade-e-campo-nas-escolas-publicas-2","status":"publish","type":"post","link":"https:\/\/divulga.unila.edu.br\/umapas\/?p=904","title":{"rendered":"Urbanismo nos territ\u00f3rios de fronteira: discutindo a rela\u00e7\u00e3o cidade e campo nas escolas p\u00fablicas"},"content":{"rendered":"<p style=\"text-align: justify;\"><strong>Coordenador:<\/strong> Andr\u00e9 Lu\u00eds Andr\u00e9<\/p>\n<p style=\"text-align: justify;\"><strong>Contato:<\/strong> andreluis78@outlook.com<\/p>\n<p><strong>Local de realiza\u00e7\u00e3o:<\/strong> Col\u00e9gio Estadual Presidente Costa e Silva &#8211; Rua das Miss\u00f5es, 1000, Jardim Am\u00e9rica, Foz do Igua\u00e7u \u2013 PR. CEP: 85865-030 (2 de 3)<\/p>\n<p><strong>Para mais informa\u00e7\u00f5es, acesse:<\/strong> <a href=\"https:\/\/sig.unila.edu.br\/sigaa\/link\/public\/extensao\/visualizacaoAcaoExtensao\/91793659\" target=\"_blank\">https:\/\/sig.unila.edu.br\/sigaa\/link\/public\/extensao\/visualizacaoAcaoExtensao\/91793659<\/a><\/p>\n","protected":false},"excerpt":{"rendered":"<p>Coordenador: Andr\u00e9 Lu\u00eds Andr\u00e9 Contato: andreluis78@outlook.com Local de realiza\u00e7\u00e3o: Col\u00e9gio Estadual Presidente Costa e Silva &#8211; Rua das Miss\u00f5es, 1000, Jardim Am\u00e9rica, Foz do Igua\u00e7u \u2013 PR. CEP: 85865-030 (2 de 3) Para mais informa\u00e7\u00f5es, acesse: https:\/\/sig.unila.edu.br\/sigaa\/link\/public\/extensao\/visualizacaoAcaoExtensao\/91793659<\/p>\n","protected":false},"author":2,"featured_media":0,"comment_status":"open","ping_status":"open","sticky":false,"template":"","format":"standard","meta":{"footnotes":""},"categories":[42,52,43],"tags":[],"class_list":["post-904","post","type-post","status-publish","format-standard","hentry","category-acao-de-extensao","category-educacao-letras-e-linguas","category-projeto"],"_links":{"self":[{"href":"https:\/\/divulga.unila.edu.br\/umapas\/index.php?rest_route=\/wp\/v2\/posts\/904","targetHints":{"allow":["GET"]}}],"collection":[{"href":"https:\/\/divulga.unila.edu.br\/umapas\/index.php?rest_route=\/wp\/v2\/posts"}],"about":[{"href":"https:\/\/divulga.unila.edu.br\/umapas\/index.php?rest_route=\/wp\/v2\/types\/post"}],"author":[{"embeddable":true,"href":"https:\/\/divulga.unila.edu.br\/umapas\/index.php?rest_route=\/wp\/v2\/users\/2"}],"replies":[{"embeddable":true,"href":"https:\/\/divulga.unila.edu.br\/umapas\/index.php?rest_route=%2Fwp%2Fv2%2Fcomments&post=904"}],"version-history":[{"count":1,"href":"https:\/\/divulga.unila.edu.br\/umapas\/index.php?rest_route=\/wp\/v2\/posts\/904\/revisions"}],"predecessor-version":[{"id":905,"href":"https:\/\/divulga.unila.edu.br\/umapas\/index.php?rest_route=\/wp\/v2\/posts\/904\/revisions\/905"}],"wp:attachment":[{"href":"https:\/\/divulga.unila.edu.br\/umapas\/index.php?rest_route=%2Fwp%2Fv2%2Fmedia&parent=904"}],"wp:term":[{"taxonomy":"category","embeddable":true,"href":"https:\/\/divulga.unila.edu.br\/umapas\/index.php?rest_route=%2Fwp%2Fv2%2Fcategories&post=904"},{"taxonomy":"post_tag","embeddable":true,"href":"https:\/\/divulga.unila.edu.br\/umapas\/index.php?rest_route=%2Fwp%2Fv2%2Ftags&post=904"}],"curies":[{"name":"wp","href":"https:\/\/api.w.org\/{rel}","templated":true}]}}