{"id":8874,"date":"2021-08-17T11:08:41","date_gmt":"2021-08-17T14:08:41","guid":{"rendered":"https:\/\/unila.edu.br\/umapas\/?p=8874"},"modified":"2021-08-17T11:08:41","modified_gmt":"2021-08-17T14:08:41","slug":"participacao-e-coordenacao-nas-atividades-vinculadas-a-da-liga-academica-gineco-obstetrica","status":"publish","type":"post","link":"https:\/\/divulga.unila.edu.br\/umapas\/?p=8874","title":{"rendered":"Participa\u00e7\u00e3o e Coordena\u00e7\u00e3o nas Atividades Vinculadas a da Liga Acad\u00eamica &#8211; Gineco Obst\u00e9trica"},"content":{"rendered":"<p style=\"text-align: justify;\"><strong>Coordenadora:<\/strong> Wilma Nancy Campos Arze<\/p>\n<p style=\"text-align: justify;\"><strong>Contato:<\/strong> wilmamestrado@hotmail.com<\/p>\n<p><strong>Local de realiza\u00e7\u00e3o:<\/strong> UNILA Campus Jardim Universit\u00e1rio &#8211; Avenida Tarqu\u00ednio Joslin dos Santos, 1000, Loteamento Universit\u00e1rio das Am\u00e9ricas, Foz do Igua\u00e7u, Paran\u00e1 &#8211; Brasil.<\/p>\n<p><strong>Para mais informa\u00e7\u00f5es, acesse: <\/strong><a href=\"https:\/\/sig.unila.edu.br\/sigaa\/link\/public\/extensao\/visualizacaoAcaoExtensao\/91793906\" target=\"_blank\">https:\/\/sig.unila.edu.br\/sigaa\/link\/public\/extensao\/visualizacaoAcaoExtensao\/91793906<\/a><strong><br \/>\n<\/strong><\/p>\n","protected":false},"excerpt":{"rendered":"<p>Coordenadora: Wilma Nancy Campos Arze Contato: wilmamestrado@hotmail.com Local de realiza\u00e7\u00e3o: UNILA Campus Jardim Universit\u00e1rio &#8211; Avenida Tarqu\u00ednio Joslin dos Santos, 1000, Loteamento Universit\u00e1rio das Am\u00e9ricas, Foz do Igua\u00e7u, Paran\u00e1 &#8211; Brasil. Para mais informa\u00e7\u00f5es, acesse: https:\/\/sig.unila.edu.br\/sigaa\/link\/public\/extensao\/visualizacaoAcaoExtensao\/91793906<\/p>\n","protected":false},"author":24,"featured_media":0,"comment_status":"closed","ping_status":"open","sticky":false,"template":"","format":"standard","meta":{"footnotes":""},"categories":[42,43,54],"tags":[],"class_list":["post-8874","post","type-post","status-publish","format-standard","hentry","category-acao-de-extensao","category-projeto","category-saude"],"_links":{"self":[{"href":"https:\/\/divulga.unila.edu.br\/umapas\/index.php?rest_route=\/wp\/v2\/posts\/8874","targetHints":{"allow":["GET"]}}],"collection":[{"href":"https:\/\/divulga.unila.edu.br\/umapas\/index.php?rest_route=\/wp\/v2\/posts"}],"about":[{"href":"https:\/\/divulga.unila.edu.br\/umapas\/index.php?rest_route=\/wp\/v2\/types\/post"}],"author":[{"embeddable":true,"href":"https:\/\/divulga.unila.edu.br\/umapas\/index.php?rest_route=\/wp\/v2\/users\/24"}],"replies":[{"embeddable":true,"href":"https:\/\/divulga.unila.edu.br\/umapas\/index.php?rest_route=%2Fwp%2Fv2%2Fcomments&post=8874"}],"version-history":[{"count":1,"href":"https:\/\/divulga.unila.edu.br\/umapas\/index.php?rest_route=\/wp\/v2\/posts\/8874\/revisions"}],"predecessor-version":[{"id":8875,"href":"https:\/\/divulga.unila.edu.br\/umapas\/index.php?rest_route=\/wp\/v2\/posts\/8874\/revisions\/8875"}],"wp:attachment":[{"href":"https:\/\/divulga.unila.edu.br\/umapas\/index.php?rest_route=%2Fwp%2Fv2%2Fmedia&parent=8874"}],"wp:term":[{"taxonomy":"category","embeddable":true,"href":"https:\/\/divulga.unila.edu.br\/umapas\/index.php?rest_route=%2Fwp%2Fv2%2Fcategories&post=8874"},{"taxonomy":"post_tag","embeddable":true,"href":"https:\/\/divulga.unila.edu.br\/umapas\/index.php?rest_route=%2Fwp%2Fv2%2Ftags&post=8874"}],"curies":[{"name":"wp","href":"https:\/\/api.w.org\/{rel}","templated":true}]}}