{"id":8849,"date":"2021-08-17T10:59:11","date_gmt":"2021-08-17T13:59:11","guid":{"rendered":"https:\/\/unila.edu.br\/umapas\/?p=8849"},"modified":"2021-08-17T10:59:11","modified_gmt":"2021-08-17T13:59:11","slug":"questao-agraria-nos-paises-da-triplice-fronteira-argentina-paraguai-e-brasil-encontro-de-realidades-3","status":"publish","type":"post","link":"https:\/\/divulga.unila.edu.br\/umapas\/?p=8849","title":{"rendered":"Quest\u00e3o Agr\u00e1ria nos pa\u00edses da tr\u00edplice fronteira (Argentina, Paraguai e Brasil): encontro de realidades"},"content":{"rendered":"<p style=\"text-align: justify;\"><strong>Coordenadora:<\/strong> Heloisa Marques Gimenez<\/p>\n<p style=\"text-align: justify;\"><strong>Contato:<\/strong> heloisagimenez@gmail.com <\/p>\n<p><strong>Local de realiza\u00e7\u00e3o:<\/strong> III Festival Cultural Latinoam\u00e9ricano &#8211; Anfiteatro Ram\u00f3n Ayala &#8211; Avenida Costanera Eduardo Arrabal, Villa Nueva, Puerto Iguaz\u00fa, Misiones &#8211; Argentina.<\/p>\n<p><strong>Para mais informa\u00e7\u00f5es, acesse: <\/strong><a href=\"https:\/\/sig.unila.edu.br\/sigaa\/link\/public\/extensao\/visualizacaoAcaoExtensao\/91793741\" target=\"_blank\">https:\/\/sig.unila.edu.br\/sigaa\/link\/public\/extensao\/visualizacaoAcaoExtensao\/91793741<\/a><strong><br \/>\n<\/strong><\/p>\n","protected":false},"excerpt":{"rendered":"<p>Coordenadora: Heloisa Marques Gimenez Contato: heloisagimenez@gmail.com Local de realiza\u00e7\u00e3o: III Festival Cultural Latinoam\u00e9ricano &#8211; Anfiteatro Ram\u00f3n Ayala &#8211; Avenida Costanera Eduardo Arrabal, Villa Nueva, Puerto Iguaz\u00fa, Misiones &#8211; Argentina. Para mais informa\u00e7\u00f5es, acesse: https:\/\/sig.unila.edu.br\/sigaa\/link\/public\/extensao\/visualizacaoAcaoExtensao\/91793741<\/p>\n","protected":false},"author":24,"featured_media":0,"comment_status":"closed","ping_status":"open","sticky":false,"template":"","format":"standard","meta":{"footnotes":""},"categories":[42,57,43],"tags":[],"class_list":["post-8849","post","type-post","status-publish","format-standard","hentry","category-acao-de-extensao","category-economia-politica-e-desenvolvimento","category-projeto"],"_links":{"self":[{"href":"https:\/\/divulga.unila.edu.br\/umapas\/index.php?rest_route=\/wp\/v2\/posts\/8849","targetHints":{"allow":["GET"]}}],"collection":[{"href":"https:\/\/divulga.unila.edu.br\/umapas\/index.php?rest_route=\/wp\/v2\/posts"}],"about":[{"href":"https:\/\/divulga.unila.edu.br\/umapas\/index.php?rest_route=\/wp\/v2\/types\/post"}],"author":[{"embeddable":true,"href":"https:\/\/divulga.unila.edu.br\/umapas\/index.php?rest_route=\/wp\/v2\/users\/24"}],"replies":[{"embeddable":true,"href":"https:\/\/divulga.unila.edu.br\/umapas\/index.php?rest_route=%2Fwp%2Fv2%2Fcomments&post=8849"}],"version-history":[{"count":1,"href":"https:\/\/divulga.unila.edu.br\/umapas\/index.php?rest_route=\/wp\/v2\/posts\/8849\/revisions"}],"predecessor-version":[{"id":8850,"href":"https:\/\/divulga.unila.edu.br\/umapas\/index.php?rest_route=\/wp\/v2\/posts\/8849\/revisions\/8850"}],"wp:attachment":[{"href":"https:\/\/divulga.unila.edu.br\/umapas\/index.php?rest_route=%2Fwp%2Fv2%2Fmedia&parent=8849"}],"wp:term":[{"taxonomy":"category","embeddable":true,"href":"https:\/\/divulga.unila.edu.br\/umapas\/index.php?rest_route=%2Fwp%2Fv2%2Fcategories&post=8849"},{"taxonomy":"post_tag","embeddable":true,"href":"https:\/\/divulga.unila.edu.br\/umapas\/index.php?rest_route=%2Fwp%2Fv2%2Ftags&post=8849"}],"curies":[{"name":"wp","href":"https:\/\/api.w.org\/{rel}","templated":true}]}}