{"id":882,"date":"2017-03-24T18:50:40","date_gmt":"2017-03-24T18:50:40","guid":{"rendered":"http:\/\/10.80.6.168\/wordpress.mapeamento\/?p=882"},"modified":"2021-07-29T16:06:17","modified_gmt":"2021-07-29T19:06:17","slug":"memoria-indigena-e-reparacoes-pedagogicas-na-regiao-de-fronteira-2","status":"publish","type":"post","link":"https:\/\/divulga.unila.edu.br\/umapas\/?p=882","title":{"rendered":"Mem\u00f3ria Ind\u00edgena e Repara\u00e7\u00f5es Pedag\u00f3gicas na Regi\u00e3o de Fronteira"},"content":{"rendered":"<p style=\"text-align: justify;\"><strong>Coordenador:<\/strong> Cl\u00f3vis Ant\u00f4nio Brighenti<\/p>\n<p style=\"text-align: justify;\"><strong>Contato:<\/strong> clovisbrighenti@hotmail.com<\/p>\n<p><strong>Local de realiza\u00e7\u00e3o:<\/strong>\u00a0Tekoha Ocoy &#8211;\u00a0<span data-sheets-value=\"{&quot;1&quot;:2,&quot;2&quot;:&quot;Reserva Ind\u00edgena Av\u00e1 Guarani&quot;}\" data-sheets-userformat=\"{&quot;2&quot;:12799,&quot;3&quot;:{&quot;1&quot;:0,&quot;3&quot;:1},&quot;4&quot;:[null,2,8508442],&quot;5&quot;:{&quot;1&quot;:[{&quot;1&quot;:2,&quot;2&quot;:0,&quot;5&quot;:{&quot;1&quot;:0}},{&quot;1&quot;:0,&quot;2&quot;:0,&quot;3&quot;:3},{&quot;1&quot;:1,&quot;2&quot;:0,&quot;4&quot;:1}]},&quot;6&quot;:{&quot;1&quot;:[{&quot;1&quot;:2,&quot;2&quot;:0,&quot;5&quot;:{&quot;1&quot;:0}},{&quot;1&quot;:0,&quot;2&quot;:0,&quot;3&quot;:3},{&quot;1&quot;:1,&quot;2&quot;:0,&quot;4&quot;:1}]},&quot;7&quot;:{&quot;1&quot;:[{&quot;1&quot;:2,&quot;2&quot;:0,&quot;5&quot;:{&quot;1&quot;:0}},{&quot;1&quot;:0,&quot;2&quot;:0,&quot;3&quot;:3},{&quot;1&quot;:1,&quot;2&quot;:0,&quot;4&quot;:1}]},&quot;8&quot;:{&quot;1&quot;:[{&quot;1&quot;:2,&quot;2&quot;:0,&quot;5&quot;:{&quot;1&quot;:0}},{&quot;1&quot;:0,&quot;2&quot;:0,&quot;3&quot;:3},{&quot;1&quot;:1,&quot;2&quot;:0,&quot;4&quot;:1}]},&quot;9&quot;:0,&quot;10&quot;:1,&quot;11&quot;:0,&quot;15&quot;:&quot;Times New Roman&quot;,&quot;16&quot;:10}\">Reserva Ind\u00edgena Av\u00e1 Guarani,<\/span>\u00a0S\u00e3o Miguel do Igua\u00e7u \u2013 PR (2 de 7)<\/p>\n<p><strong>Para mais informa\u00e7\u00f5es, acesse:<\/strong> <a href=\"https:\/\/sig.unila.edu.br\/sigaa\/link\/public\/extensao\/visualizacaoAcaoExtensao\/91793743\" target=\"_blank\">https:\/\/sig.unila.edu.br\/sigaa\/link\/public\/extensao\/visualizacaoAcaoExtensao\/91793743<\/a><\/p>\n","protected":false},"excerpt":{"rendered":"<p>Coordenador: Cl\u00f3vis Ant\u00f4nio Brighenti Contato: clovisbrighenti@hotmail.com Local de realiza\u00e7\u00e3o:\u00a0Tekoha Ocoy &#8211;\u00a0Reserva Ind\u00edgena Av\u00e1 Guarani,\u00a0S\u00e3o Miguel do Igua\u00e7u \u2013 PR (2 de 7) Para mais informa\u00e7\u00f5es, acesse: https:\/\/sig.unila.edu.br\/sigaa\/link\/public\/extensao\/visualizacaoAcaoExtensao\/91793743<\/p>\n","protected":false},"author":2,"featured_media":0,"comment_status":"open","ping_status":"open","sticky":false,"template":"","format":"standard","meta":{"footnotes":""},"categories":[42,51,43],"tags":[],"class_list":["post-882","post","type-post","status-publish","format-standard","hentry","category-acao-de-extensao","category-direitos-humanos-e-justica","category-projeto"],"_links":{"self":[{"href":"https:\/\/divulga.unila.edu.br\/umapas\/index.php?rest_route=\/wp\/v2\/posts\/882","targetHints":{"allow":["GET"]}}],"collection":[{"href":"https:\/\/divulga.unila.edu.br\/umapas\/index.php?rest_route=\/wp\/v2\/posts"}],"about":[{"href":"https:\/\/divulga.unila.edu.br\/umapas\/index.php?rest_route=\/wp\/v2\/types\/post"}],"author":[{"embeddable":true,"href":"https:\/\/divulga.unila.edu.br\/umapas\/index.php?rest_route=\/wp\/v2\/users\/2"}],"replies":[{"embeddable":true,"href":"https:\/\/divulga.unila.edu.br\/umapas\/index.php?rest_route=%2Fwp%2Fv2%2Fcomments&post=882"}],"version-history":[{"count":2,"href":"https:\/\/divulga.unila.edu.br\/umapas\/index.php?rest_route=\/wp\/v2\/posts\/882\/revisions"}],"predecessor-version":[{"id":8522,"href":"https:\/\/divulga.unila.edu.br\/umapas\/index.php?rest_route=\/wp\/v2\/posts\/882\/revisions\/8522"}],"wp:attachment":[{"href":"https:\/\/divulga.unila.edu.br\/umapas\/index.php?rest_route=%2Fwp%2Fv2%2Fmedia&parent=882"}],"wp:term":[{"taxonomy":"category","embeddable":true,"href":"https:\/\/divulga.unila.edu.br\/umapas\/index.php?rest_route=%2Fwp%2Fv2%2Fcategories&post=882"},{"taxonomy":"post_tag","embeddable":true,"href":"https:\/\/divulga.unila.edu.br\/umapas\/index.php?rest_route=%2Fwp%2Fv2%2Ftags&post=882"}],"curies":[{"name":"wp","href":"https:\/\/api.w.org\/{rel}","templated":true}]}}