{"id":8800,"date":"2021-08-11T10:55:38","date_gmt":"2021-08-11T13:55:38","guid":{"rendered":"https:\/\/unila.edu.br\/umapas\/?p=8800"},"modified":"2021-08-11T10:55:38","modified_gmt":"2021-08-11T13:55:38","slug":"preparacao-de-sabao-com-propriedades-fitoterapicas-e-emolientes-a-partir-do-oleo-vegetal-de-cozinha-4","status":"publish","type":"post","link":"https:\/\/divulga.unila.edu.br\/umapas\/?p=8800","title":{"rendered":"Prepara\u00e7\u00e3o de sab\u00e3o com propriedades fitoter\u00e1picas e emolientes a partir do \u00f3leo vegetal de cozinha"},"content":{"rendered":"<p style=\"text-align: justify;\"><strong>Coordenador:<\/strong> \u00c1lvaro Barcelos Onofrio<\/p>\n<p style=\"text-align: justify;\"><strong>Contato:<\/strong> alvaro.onofrio@unila.edu.br<\/p>\n<p><strong>Local de realiza\u00e7\u00e3o:<\/strong> Associa\u00e7\u00e3o do Centro Integrado de Educa\u00e7\u00e3o Natureza e Sa\u00fade (ACIENS) &#8211; Rua Teresina, 62, Vila C Nova, Foz do Igua\u00e7u, Paran\u00e1 &#8211; Brasil.<\/p>\n<p><strong>Para mais informa\u00e7\u00f5es, acesse: <\/strong><a href=\"https:\/\/sig.unila.edu.br\/sigaa\/link\/public\/extensao\/visualizacaoAcaoExtensao\/91793716\" target=\"_blank\">https:\/\/sig.unila.edu.br\/sigaa\/link\/public\/extensao\/visualizacaoAcaoExtensao\/91793716<\/a><strong><br \/>\n<\/strong><\/p>\n","protected":false},"excerpt":{"rendered":"<p>Coordenador: \u00c1lvaro Barcelos Onofrio Contato: alvaro.onofrio@unila.edu.br Local de realiza\u00e7\u00e3o: Associa\u00e7\u00e3o do Centro Integrado de Educa\u00e7\u00e3o Natureza e Sa\u00fade (ACIENS) &#8211; Rua Teresina, 62, Vila C Nova, Foz do Igua\u00e7u, Paran\u00e1 &#8211; Brasil. Para mais informa\u00e7\u00f5es, acesse: https:\/\/sig.unila.edu.br\/sigaa\/link\/public\/extensao\/visualizacaoAcaoExtensao\/91793716<\/p>\n","protected":false},"author":24,"featured_media":0,"comment_status":"closed","ping_status":"open","sticky":false,"template":"","format":"standard","meta":{"footnotes":""},"categories":[42,43,55],"tags":[],"class_list":["post-8800","post","type-post","status-publish","format-standard","hentry","category-acao-de-extensao","category-projeto","category-tecnologia-e-producao"],"_links":{"self":[{"href":"https:\/\/divulga.unila.edu.br\/umapas\/index.php?rest_route=\/wp\/v2\/posts\/8800","targetHints":{"allow":["GET"]}}],"collection":[{"href":"https:\/\/divulga.unila.edu.br\/umapas\/index.php?rest_route=\/wp\/v2\/posts"}],"about":[{"href":"https:\/\/divulga.unila.edu.br\/umapas\/index.php?rest_route=\/wp\/v2\/types\/post"}],"author":[{"embeddable":true,"href":"https:\/\/divulga.unila.edu.br\/umapas\/index.php?rest_route=\/wp\/v2\/users\/24"}],"replies":[{"embeddable":true,"href":"https:\/\/divulga.unila.edu.br\/umapas\/index.php?rest_route=%2Fwp%2Fv2%2Fcomments&post=8800"}],"version-history":[{"count":1,"href":"https:\/\/divulga.unila.edu.br\/umapas\/index.php?rest_route=\/wp\/v2\/posts\/8800\/revisions"}],"predecessor-version":[{"id":8803,"href":"https:\/\/divulga.unila.edu.br\/umapas\/index.php?rest_route=\/wp\/v2\/posts\/8800\/revisions\/8803"}],"wp:attachment":[{"href":"https:\/\/divulga.unila.edu.br\/umapas\/index.php?rest_route=%2Fwp%2Fv2%2Fmedia&parent=8800"}],"wp:term":[{"taxonomy":"category","embeddable":true,"href":"https:\/\/divulga.unila.edu.br\/umapas\/index.php?rest_route=%2Fwp%2Fv2%2Fcategories&post=8800"},{"taxonomy":"post_tag","embeddable":true,"href":"https:\/\/divulga.unila.edu.br\/umapas\/index.php?rest_route=%2Fwp%2Fv2%2Ftags&post=8800"}],"curies":[{"name":"wp","href":"https:\/\/api.w.org\/{rel}","templated":true}]}}