{"id":8797,"date":"2021-08-11T10:53:53","date_gmt":"2021-08-11T13:53:53","guid":{"rendered":"https:\/\/unila.edu.br\/umapas\/?p=8797"},"modified":"2021-08-11T10:53:53","modified_gmt":"2021-08-11T13:53:53","slug":"politicas-publicas-de-desenvolvimento-rural-e-seguranca-alimentar-no-mbito-da-reaf-reuniao-especializada-sobre-agricultura-familiar-do-mercosul-2","status":"publish","type":"post","link":"https:\/\/divulga.unila.edu.br\/umapas\/?p=8797","title":{"rendered":"Pol\u00edticas P\u00fablicas de Desenvolvimento Rural e Seguran\u00e7a Alimentar no  mbito da REAF (Reuni\u00e3o Especializada sobre Agricultura Familiar do Mercosul)"},"content":{"rendered":"<p style=\"text-align: justify;\"><strong>Coordenadora:<\/strong> Silvia Aparecida Zimmermann<\/p>\n<p style=\"text-align: justify;\"><strong>Contato:<\/strong> silvia.zimmermann@unila.edu.br<\/p>\n<p><strong>Local de realiza\u00e7\u00e3o:<\/strong> Reuni\u00e3o Especializada na Agricultura Familiar (REAF) em Montevideo &#8211; Secretaria do Mercado Comum do Sul (Mercosul) &#8211; Rua Doutor Luis Piera, 1992, Planta Baja, Edificio MERCOSUL, Montevideo, Montevideo &#8211; Uruguai.<\/p>\n<p><strong>Para mais informa\u00e7\u00f5es, acesse: <\/strong><a href=\"https:\/\/sig.unila.edu.br\/sigaa\/link\/public\/extensao\/visualizacaoAcaoExtensao\/91793761\" target=\"_blank\">https:\/\/sig.unila.edu.br\/sigaa\/link\/public\/extensao\/visualizacaoAcaoExtensao\/91793761<\/a><strong><br \/>\n<\/strong><\/p>\n","protected":false},"excerpt":{"rendered":"<p>Coordenadora: Silvia Aparecida Zimmermann Contato: silvia.zimmermann@unila.edu.br Local de realiza\u00e7\u00e3o: Reuni\u00e3o Especializada na Agricultura Familiar (REAF) em Montevideo &#8211; Secretaria do Mercado Comum do Sul (Mercosul) &#8211; Rua Doutor Luis Piera, 1992, Planta Baja, Edificio MERCOSUL, Montevideo, Montevideo &#8211; Uruguai. Para mais informa\u00e7\u00f5es, acesse: https:\/\/sig.unila.edu.br\/sigaa\/link\/public\/extensao\/visualizacaoAcaoExtensao\/91793761<\/p>\n","protected":false},"author":24,"featured_media":0,"comment_status":"closed","ping_status":"open","sticky":false,"template":"","format":"standard","meta":{"footnotes":""},"categories":[42,57,43],"tags":[],"class_list":["post-8797","post","type-post","status-publish","format-standard","hentry","category-acao-de-extensao","category-economia-politica-e-desenvolvimento","category-projeto"],"_links":{"self":[{"href":"https:\/\/divulga.unila.edu.br\/umapas\/index.php?rest_route=\/wp\/v2\/posts\/8797","targetHints":{"allow":["GET"]}}],"collection":[{"href":"https:\/\/divulga.unila.edu.br\/umapas\/index.php?rest_route=\/wp\/v2\/posts"}],"about":[{"href":"https:\/\/divulga.unila.edu.br\/umapas\/index.php?rest_route=\/wp\/v2\/types\/post"}],"author":[{"embeddable":true,"href":"https:\/\/divulga.unila.edu.br\/umapas\/index.php?rest_route=\/wp\/v2\/users\/24"}],"replies":[{"embeddable":true,"href":"https:\/\/divulga.unila.edu.br\/umapas\/index.php?rest_route=%2Fwp%2Fv2%2Fcomments&post=8797"}],"version-history":[{"count":1,"href":"https:\/\/divulga.unila.edu.br\/umapas\/index.php?rest_route=\/wp\/v2\/posts\/8797\/revisions"}],"predecessor-version":[{"id":8798,"href":"https:\/\/divulga.unila.edu.br\/umapas\/index.php?rest_route=\/wp\/v2\/posts\/8797\/revisions\/8798"}],"wp:attachment":[{"href":"https:\/\/divulga.unila.edu.br\/umapas\/index.php?rest_route=%2Fwp%2Fv2%2Fmedia&parent=8797"}],"wp:term":[{"taxonomy":"category","embeddable":true,"href":"https:\/\/divulga.unila.edu.br\/umapas\/index.php?rest_route=%2Fwp%2Fv2%2Fcategories&post=8797"},{"taxonomy":"post_tag","embeddable":true,"href":"https:\/\/divulga.unila.edu.br\/umapas\/index.php?rest_route=%2Fwp%2Fv2%2Ftags&post=8797"}],"curies":[{"name":"wp","href":"https:\/\/api.w.org\/{rel}","templated":true}]}}