{"id":8733,"date":"2021-08-09T11:52:09","date_gmt":"2021-08-09T14:52:09","guid":{"rendered":"https:\/\/unila.edu.br\/umapas\/?p=8733"},"modified":"2021-08-09T11:52:09","modified_gmt":"2021-08-09T14:52:09","slug":"estrategia-de-integracao-dos-atores-territoriais-para-a-conservacao-do-corredor-de-biodiversidade-transfronteirico-formado-pelo-parque-nacional-do-iguacu-br-e-iguazu-ar","status":"publish","type":"post","link":"https:\/\/divulga.unila.edu.br\/umapas\/?p=8733","title":{"rendered":"Estrat\u00e9gia de Integra\u00e7\u00e3o dos Atores Territoriais para a Conserva\u00e7\u00e3o do Corredor de Biodiversidade Transfronteiri\u00e7o formado pelo Parque Nacional do Igua\u00e7u (BR) E Iguazu (AR)"},"content":{"rendered":"<p style=\"text-align: justify;\"><strong>Coordenadora:<\/strong> Marcela Stuker Kropf<\/p>\n<p style=\"text-align: justify;\"><strong>Contato:<\/strong> marcela.kropf@unila.edu.br<\/p>\n<p><strong>Local de realiza\u00e7\u00e3o:<\/strong> Centro de Visitante das Cataratas &#8211; Parque Nacional do Igua\u00e7u (PNI) &#8211; BR-469 (Avenida das Cataratas), KM-18, Foz do Igua\u00e7u, Paran\u00e1 &#8211; Brasil.<\/p>\n<p><strong>Para mais informa\u00e7\u00f5es, acesse: <\/strong><a href=\"https:\/\/sig.unila.edu.br\/sigaa\/link\/public\/extensao\/visualizacaoAcaoExtensao\/91793739\" target=\"_blank\">https:\/\/sig.unila.edu.br\/sigaa\/link\/public\/extensao\/visualizacaoAcaoExtensao\/91793739<\/a><strong><br \/>\n<\/strong><\/p>\n","protected":false},"excerpt":{"rendered":"<p>Coordenadora: Marcela Stuker Kropf Contato: marcela.kropf@unila.edu.br Local de realiza\u00e7\u00e3o: Centro de Visitante das Cataratas &#8211; Parque Nacional do Igua\u00e7u (PNI) &#8211; BR-469 (Avenida das Cataratas), KM-18, Foz do Igua\u00e7u, Paran\u00e1 &#8211; Brasil. Para mais informa\u00e7\u00f5es, acesse: https:\/\/sig.unila.edu.br\/sigaa\/link\/public\/extensao\/visualizacaoAcaoExtensao\/91793739<\/p>\n","protected":false},"author":24,"featured_media":0,"comment_status":"closed","ping_status":"open","sticky":false,"template":"","format":"standard","meta":{"footnotes":""},"categories":[42,53,43],"tags":[],"class_list":["post-8733","post","type-post","status-publish","format-standard","hentry","category-acao-de-extensao","category-meio-ambiente","category-projeto"],"_links":{"self":[{"href":"https:\/\/divulga.unila.edu.br\/umapas\/index.php?rest_route=\/wp\/v2\/posts\/8733","targetHints":{"allow":["GET"]}}],"collection":[{"href":"https:\/\/divulga.unila.edu.br\/umapas\/index.php?rest_route=\/wp\/v2\/posts"}],"about":[{"href":"https:\/\/divulga.unila.edu.br\/umapas\/index.php?rest_route=\/wp\/v2\/types\/post"}],"author":[{"embeddable":true,"href":"https:\/\/divulga.unila.edu.br\/umapas\/index.php?rest_route=\/wp\/v2\/users\/24"}],"replies":[{"embeddable":true,"href":"https:\/\/divulga.unila.edu.br\/umapas\/index.php?rest_route=%2Fwp%2Fv2%2Fcomments&post=8733"}],"version-history":[{"count":1,"href":"https:\/\/divulga.unila.edu.br\/umapas\/index.php?rest_route=\/wp\/v2\/posts\/8733\/revisions"}],"predecessor-version":[{"id":8734,"href":"https:\/\/divulga.unila.edu.br\/umapas\/index.php?rest_route=\/wp\/v2\/posts\/8733\/revisions\/8734"}],"wp:attachment":[{"href":"https:\/\/divulga.unila.edu.br\/umapas\/index.php?rest_route=%2Fwp%2Fv2%2Fmedia&parent=8733"}],"wp:term":[{"taxonomy":"category","embeddable":true,"href":"https:\/\/divulga.unila.edu.br\/umapas\/index.php?rest_route=%2Fwp%2Fv2%2Fcategories&post=8733"},{"taxonomy":"post_tag","embeddable":true,"href":"https:\/\/divulga.unila.edu.br\/umapas\/index.php?rest_route=%2Fwp%2Fv2%2Ftags&post=8733"}],"curies":[{"name":"wp","href":"https:\/\/api.w.org\/{rel}","templated":true}]}}