{"id":862,"date":"2017-03-23T18:41:32","date_gmt":"2017-03-23T18:41:32","guid":{"rendered":"http:\/\/10.80.6.168\/wordpress.mapeamento\/?p=862"},"modified":"2017-09-06T18:00:26","modified_gmt":"2017-09-06T18:00:26","slug":"incubadora-internacional-de-empreendimentos-economicos-solidarios-da-universidade-federal-da-integracao-latino-americana-inees-unila","status":"publish","type":"post","link":"https:\/\/divulga.unila.edu.br\/umapas\/?p=862","title":{"rendered":"Incubadora Internacional de Empreendimentos Econ\u00f4micos Solid\u00e1rios da Universidade Federal da Integra\u00e7\u00e3o Latino-Americana \u2013 Inees-Unila"},"content":{"rendered":"<p style=\"text-align: justify;\"><strong>Coordenador:<\/strong> Rogerio Motta Moreira<\/p>\n<p style=\"text-align: justify;\"><strong>Contato:<\/strong> rogerio.moreira@unila.edu.br<\/p>\n<p><strong>Local de realiza\u00e7\u00e3o:<\/strong> Conselho Comunit\u00e1rio da Vila C, Rua Vila Velha, 63, Vila C, Foz do Igua\u00e7u \u2013 PR. CEP: 85870-050 (1 de 2)<\/p>\n<p><strong>Para mais informa\u00e7\u00f5es, acesse:<\/strong> <a href=\"https:\/\/sig.unila.edu.br\/sigaa\/link\/public\/extensao\/visualizacaoAcaoExtensao\/91793681\" target=\"_blank\">https:\/\/sig.unila.edu.br\/sigaa\/link\/public\/extensao\/visualizacaoAcaoExtensao\/91793681<\/a><\/p>\n","protected":false},"excerpt":{"rendered":"<p>Coordenador: Rogerio Motta Moreira Contato: rogerio.moreira@unila.edu.br Local de realiza\u00e7\u00e3o: Conselho Comunit\u00e1rio da Vila C, Rua Vila Velha, 63, Vila C, Foz do Igua\u00e7u \u2013 PR. CEP: 85870-050 (1 de 2) Para mais informa\u00e7\u00f5es, acesse: https:\/\/sig.unila.edu.br\/sigaa\/link\/public\/extensao\/visualizacaoAcaoExtensao\/91793681<\/p>\n","protected":false},"author":2,"featured_media":0,"comment_status":"open","ping_status":"open","sticky":false,"template":"","format":"standard","meta":{"footnotes":""},"categories":[42,57,43],"tags":[],"class_list":["post-862","post","type-post","status-publish","format-standard","hentry","category-acao-de-extensao","category-economia-politica-e-desenvolvimento","category-projeto"],"_links":{"self":[{"href":"https:\/\/divulga.unila.edu.br\/umapas\/index.php?rest_route=\/wp\/v2\/posts\/862","targetHints":{"allow":["GET"]}}],"collection":[{"href":"https:\/\/divulga.unila.edu.br\/umapas\/index.php?rest_route=\/wp\/v2\/posts"}],"about":[{"href":"https:\/\/divulga.unila.edu.br\/umapas\/index.php?rest_route=\/wp\/v2\/types\/post"}],"author":[{"embeddable":true,"href":"https:\/\/divulga.unila.edu.br\/umapas\/index.php?rest_route=\/wp\/v2\/users\/2"}],"replies":[{"embeddable":true,"href":"https:\/\/divulga.unila.edu.br\/umapas\/index.php?rest_route=%2Fwp%2Fv2%2Fcomments&post=862"}],"version-history":[{"count":1,"href":"https:\/\/divulga.unila.edu.br\/umapas\/index.php?rest_route=\/wp\/v2\/posts\/862\/revisions"}],"predecessor-version":[{"id":865,"href":"https:\/\/divulga.unila.edu.br\/umapas\/index.php?rest_route=\/wp\/v2\/posts\/862\/revisions\/865"}],"wp:attachment":[{"href":"https:\/\/divulga.unila.edu.br\/umapas\/index.php?rest_route=%2Fwp%2Fv2%2Fmedia&parent=862"}],"wp:term":[{"taxonomy":"category","embeddable":true,"href":"https:\/\/divulga.unila.edu.br\/umapas\/index.php?rest_route=%2Fwp%2Fv2%2Fcategories&post=862"},{"taxonomy":"post_tag","embeddable":true,"href":"https:\/\/divulga.unila.edu.br\/umapas\/index.php?rest_route=%2Fwp%2Fv2%2Ftags&post=862"}],"curies":[{"name":"wp","href":"https:\/\/api.w.org\/{rel}","templated":true}]}}