{"id":842,"date":"2017-03-22T18:24:34","date_gmt":"2017-03-22T18:24:34","guid":{"rendered":"http:\/\/10.80.6.168\/wordpress.mapeamento\/?p=842"},"modified":"2017-09-06T18:05:24","modified_gmt":"2017-09-06T18:05:24","slug":"ciclo-sonoro","status":"publish","type":"post","link":"https:\/\/divulga.unila.edu.br\/umapas\/?p=842","title":{"rendered":"Ciclo Sonoro"},"content":{"rendered":"<p style=\"text-align: justify;\"><strong>Coordenador:<\/strong> Alexandre Aguiar Lopes<\/p>\n<p style=\"text-align: justify;\"><strong>Contato:<\/strong> alexandre.lopes@unila.edu.br<\/p>\n<p><strong>Local de realiza\u00e7\u00e3o:<\/strong> Funda\u00e7\u00e3o Cultural \u2013 Rua Benjamim Constant, 62, Centro, Foz do Igua\u00e7u \u2013 PR. CEP: 85851-902 (1 de 3)<\/p>\n<p><strong>Para mais informa\u00e7\u00f5es, acesse:<\/strong> <a href=\"https:\/\/sig.unila.edu.br\/sigaa\/link\/public\/extensao\/visualizacaoAcaoExtensao\/91793729\" target=\"_blank\">https:\/\/sig.unila.edu.br\/sigaa\/link\/public\/extensao\/visualizacaoAcaoExtensao\/91793729<\/a><\/p>\n","protected":false},"excerpt":{"rendered":"<p>Coordenador: Alexandre Aguiar Lopes Contato: alexandre.lopes@unila.edu.br Local de realiza\u00e7\u00e3o: Funda\u00e7\u00e3o Cultural \u2013 Rua Benjamim Constant, 62, Centro, Foz do Igua\u00e7u \u2013 PR. CEP: 85851-902 (1 de 3) Para mais informa\u00e7\u00f5es, acesse: https:\/\/sig.unila.edu.br\/sigaa\/link\/public\/extensao\/visualizacaoAcaoExtensao\/91793729<\/p>\n","protected":false},"author":2,"featured_media":0,"comment_status":"open","ping_status":"open","sticky":false,"template":"","format":"standard","meta":{"footnotes":""},"categories":[42,50,43],"tags":[],"class_list":["post-842","post","type-post","status-publish","format-standard","hentry","category-acao-de-extensao","category-cultura-e-artes","category-projeto"],"_links":{"self":[{"href":"https:\/\/divulga.unila.edu.br\/umapas\/index.php?rest_route=\/wp\/v2\/posts\/842","targetHints":{"allow":["GET"]}}],"collection":[{"href":"https:\/\/divulga.unila.edu.br\/umapas\/index.php?rest_route=\/wp\/v2\/posts"}],"about":[{"href":"https:\/\/divulga.unila.edu.br\/umapas\/index.php?rest_route=\/wp\/v2\/types\/post"}],"author":[{"embeddable":true,"href":"https:\/\/divulga.unila.edu.br\/umapas\/index.php?rest_route=\/wp\/v2\/users\/2"}],"replies":[{"embeddable":true,"href":"https:\/\/divulga.unila.edu.br\/umapas\/index.php?rest_route=%2Fwp%2Fv2%2Fcomments&post=842"}],"version-history":[{"count":1,"href":"https:\/\/divulga.unila.edu.br\/umapas\/index.php?rest_route=\/wp\/v2\/posts\/842\/revisions"}],"predecessor-version":[{"id":843,"href":"https:\/\/divulga.unila.edu.br\/umapas\/index.php?rest_route=\/wp\/v2\/posts\/842\/revisions\/843"}],"wp:attachment":[{"href":"https:\/\/divulga.unila.edu.br\/umapas\/index.php?rest_route=%2Fwp%2Fv2%2Fmedia&parent=842"}],"wp:term":[{"taxonomy":"category","embeddable":true,"href":"https:\/\/divulga.unila.edu.br\/umapas\/index.php?rest_route=%2Fwp%2Fv2%2Fcategories&post=842"},{"taxonomy":"post_tag","embeddable":true,"href":"https:\/\/divulga.unila.edu.br\/umapas\/index.php?rest_route=%2Fwp%2Fv2%2Ftags&post=842"}],"curies":[{"name":"wp","href":"https:\/\/api.w.org\/{rel}","templated":true}]}}