{"id":8324,"date":"2021-07-14T10:30:18","date_gmt":"2021-07-14T13:30:18","guid":{"rendered":"https:\/\/unila.edu.br\/umapas\/?p=8324"},"modified":"2021-07-14T10:30:18","modified_gmt":"2021-07-14T13:30:18","slug":"mapeamento-social-da-regiao-de-fronteira-trinacional-brasil-argentina-e-paraguai-ii-etapa-6","status":"publish","type":"post","link":"https:\/\/divulga.unila.edu.br\/umapas\/?p=8324","title":{"rendered":"Mapeamento Social da Regi\u00e3o de Fronteira Trinacional: Brasil, Argentina e Paraguai: II etapa"},"content":{"rendered":"<p style=\"text-align: justify;\"><strong>Coordenador:<\/strong> Rafael Franca Palmeira<\/p>\n<p style=\"text-align: justify;\"><strong>Contato:<\/strong> dissutec@unila.edu.br<\/p>\n<p><strong>Local de realiza\u00e7\u00e3o:<\/strong> N\u00facleo Crian\u00e7a de Valor &#8211; Rua Guimar\u00e3es Rosa, 528, Jardim Am\u00e9rica, Foz do Igua\u00e7u, Paran\u00e1 &#8211; Brasil.<\/p>\n<p><strong>Para mais informa\u00e7\u00f5es, acesse: <\/strong><a href=\"https:\/\/sig.unila.edu.br\/sigaa\/link\/public\/extensao\/visualizacaoAcaoExtensao\/91794173\" target=\"_blank\">https:\/\/sig.unila.edu.br\/sigaa\/link\/public\/extensao\/visualizacaoAcaoExtensao\/91794173<\/a><strong><br \/>\n<\/strong><\/p>\n","protected":false},"excerpt":{"rendered":"<p>Coordenador: Rafael Franca Palmeira Contato: dissutec@unila.edu.br Local de realiza\u00e7\u00e3o: N\u00facleo Crian\u00e7a de Valor &#8211; Rua Guimar\u00e3es Rosa, 528, Jardim Am\u00e9rica, Foz do Igua\u00e7u, Paran\u00e1 &#8211; Brasil. Para mais informa\u00e7\u00f5es, acesse: https:\/\/sig.unila.edu.br\/sigaa\/link\/public\/extensao\/visualizacaoAcaoExtensao\/91794173<\/p>\n","protected":false},"author":2,"featured_media":0,"comment_status":"closed","ping_status":"open","sticky":false,"template":"","format":"standard","meta":{"footnotes":""},"categories":[42,51,43],"tags":[],"class_list":["post-8324","post","type-post","status-publish","format-standard","hentry","category-acao-de-extensao","category-direitos-humanos-e-justica","category-projeto"],"_links":{"self":[{"href":"https:\/\/divulga.unila.edu.br\/umapas\/index.php?rest_route=\/wp\/v2\/posts\/8324","targetHints":{"allow":["GET"]}}],"collection":[{"href":"https:\/\/divulga.unila.edu.br\/umapas\/index.php?rest_route=\/wp\/v2\/posts"}],"about":[{"href":"https:\/\/divulga.unila.edu.br\/umapas\/index.php?rest_route=\/wp\/v2\/types\/post"}],"author":[{"embeddable":true,"href":"https:\/\/divulga.unila.edu.br\/umapas\/index.php?rest_route=\/wp\/v2\/users\/2"}],"replies":[{"embeddable":true,"href":"https:\/\/divulga.unila.edu.br\/umapas\/index.php?rest_route=%2Fwp%2Fv2%2Fcomments&post=8324"}],"version-history":[{"count":1,"href":"https:\/\/divulga.unila.edu.br\/umapas\/index.php?rest_route=\/wp\/v2\/posts\/8324\/revisions"}],"predecessor-version":[{"id":8325,"href":"https:\/\/divulga.unila.edu.br\/umapas\/index.php?rest_route=\/wp\/v2\/posts\/8324\/revisions\/8325"}],"wp:attachment":[{"href":"https:\/\/divulga.unila.edu.br\/umapas\/index.php?rest_route=%2Fwp%2Fv2%2Fmedia&parent=8324"}],"wp:term":[{"taxonomy":"category","embeddable":true,"href":"https:\/\/divulga.unila.edu.br\/umapas\/index.php?rest_route=%2Fwp%2Fv2%2Fcategories&post=8324"},{"taxonomy":"post_tag","embeddable":true,"href":"https:\/\/divulga.unila.edu.br\/umapas\/index.php?rest_route=%2Fwp%2Fv2%2Ftags&post=8324"}],"curies":[{"name":"wp","href":"https:\/\/api.w.org\/{rel}","templated":true}]}}