{"id":8292,"date":"2021-07-14T10:17:27","date_gmt":"2021-07-14T13:17:27","guid":{"rendered":"https:\/\/unila.edu.br\/umapas\/?p=8292"},"modified":"2021-07-14T10:17:27","modified_gmt":"2021-07-14T13:17:27","slug":"observatorio-ambiental-articulacao-social-13","status":"publish","type":"post","link":"https:\/\/divulga.unila.edu.br\/umapas\/?p=8292","title":{"rendered":"Observat\u00f3rio Ambiental: Articula\u00e7\u00e3o Social"},"content":{"rendered":"<p style=\"text-align: justify;\"><strong>Coordenadora:<\/strong> Luciana Mello Ribeiro<\/p>\n<p style=\"text-align: justify;\"><strong>Contato:<\/strong> luciana.ribeiro@unila.edu.br<\/p>\n<p><strong>Local de realiza\u00e7\u00e3o:<\/strong> Instituto Federal do Paran\u00e1 (IFPR Campus de Foz do Igua\u00e7u) &#8211; Avenida Arauc\u00e1ria, 780, Vila A, Foz do Igua\u00e7u, Paran\u00e1 &#8211; Brasil.<\/p>\n<p><strong>Para mais informa\u00e7\u00f5es, acesse: <\/strong><a href=\"https:\/\/sig.unila.edu.br\/sigaa\/link\/public\/extensao\/visualizacaoAcaoExtensao\/91794161\" target=\"_blank\">https:\/\/sig.unila.edu.br\/sigaa\/link\/public\/extensao\/visualizacaoAcaoExtensao\/91794161<\/a><strong><br \/>\n<\/strong><\/p>\n","protected":false},"excerpt":{"rendered":"<p>Coordenadora: Luciana Mello Ribeiro Contato: luciana.ribeiro@unila.edu.br Local de realiza\u00e7\u00e3o: Instituto Federal do Paran\u00e1 (IFPR Campus de Foz do Igua\u00e7u) &#8211; Avenida Arauc\u00e1ria, 780, Vila A, Foz do Igua\u00e7u, Paran\u00e1 &#8211; Brasil. Para mais informa\u00e7\u00f5es, acesse: https:\/\/sig.unila.edu.br\/sigaa\/link\/public\/extensao\/visualizacaoAcaoExtensao\/91794161<\/p>\n","protected":false},"author":2,"featured_media":0,"comment_status":"closed","ping_status":"open","sticky":false,"template":"","format":"standard","meta":{"footnotes":""},"categories":[42,53,43],"tags":[],"class_list":["post-8292","post","type-post","status-publish","format-standard","hentry","category-acao-de-extensao","category-meio-ambiente","category-projeto"],"_links":{"self":[{"href":"https:\/\/divulga.unila.edu.br\/umapas\/index.php?rest_route=\/wp\/v2\/posts\/8292","targetHints":{"allow":["GET"]}}],"collection":[{"href":"https:\/\/divulga.unila.edu.br\/umapas\/index.php?rest_route=\/wp\/v2\/posts"}],"about":[{"href":"https:\/\/divulga.unila.edu.br\/umapas\/index.php?rest_route=\/wp\/v2\/types\/post"}],"author":[{"embeddable":true,"href":"https:\/\/divulga.unila.edu.br\/umapas\/index.php?rest_route=\/wp\/v2\/users\/2"}],"replies":[{"embeddable":true,"href":"https:\/\/divulga.unila.edu.br\/umapas\/index.php?rest_route=%2Fwp%2Fv2%2Fcomments&post=8292"}],"version-history":[{"count":1,"href":"https:\/\/divulga.unila.edu.br\/umapas\/index.php?rest_route=\/wp\/v2\/posts\/8292\/revisions"}],"predecessor-version":[{"id":8294,"href":"https:\/\/divulga.unila.edu.br\/umapas\/index.php?rest_route=\/wp\/v2\/posts\/8292\/revisions\/8294"}],"wp:attachment":[{"href":"https:\/\/divulga.unila.edu.br\/umapas\/index.php?rest_route=%2Fwp%2Fv2%2Fmedia&parent=8292"}],"wp:term":[{"taxonomy":"category","embeddable":true,"href":"https:\/\/divulga.unila.edu.br\/umapas\/index.php?rest_route=%2Fwp%2Fv2%2Fcategories&post=8292"},{"taxonomy":"post_tag","embeddable":true,"href":"https:\/\/divulga.unila.edu.br\/umapas\/index.php?rest_route=%2Fwp%2Fv2%2Ftags&post=8292"}],"curies":[{"name":"wp","href":"https:\/\/api.w.org\/{rel}","templated":true}]}}