{"id":819,"date":"2017-03-22T17:23:35","date_gmt":"2017-03-22T17:23:35","guid":{"rendered":"http:\/\/10.80.6.168\/wordpress.mapeamento\/?p=819"},"modified":"2017-09-06T18:08:08","modified_gmt":"2017-09-06T18:08:08","slug":"vi-semana-da-consciencia-negra-3","status":"publish","type":"post","link":"https:\/\/divulga.unila.edu.br\/umapas\/?p=819","title":{"rendered":"VI Semana da Consci\u00eancia Negra"},"content":{"rendered":"<p style=\"text-align: justify;\"><strong>Coordenador:<\/strong> Waldemir Rosa<\/p>\n<p style=\"text-align: justify;\"><strong>Contato:<\/strong> waldemir.rosa@unila.edu.br<\/p>\n<p><strong>Local de realiza\u00e7\u00e3o:<\/strong> Feira Popular da Produ\u00e7\u00e3o Familiar da Vila C \u2013 Rua Fortaleza, s\/n, Vila C, Foz do Igua\u00e7u \u2013 PR. CEP: 85870-200 (3 de 10)<\/p>\n<p><strong>Para mais informa\u00e7\u00f5es, acesse:<\/strong> <a href=\"https:\/\/sig.unila.edu.br\/sigaa\/link\/public\/extensao\/visualizacaoAcaoExtensao\/91793981\" target=\"_blank\">https:\/\/sig.unila.edu.br\/sigaa\/link\/public\/extensao\/visualizacaoAcaoExtensao\/91793981<\/a><\/p>\n","protected":false},"excerpt":{"rendered":"<p>Coordenador: Waldemir Rosa Contato: waldemir.rosa@unila.edu.br Local de realiza\u00e7\u00e3o: Feira Popular da Produ\u00e7\u00e3o Familiar da Vila C \u2013 Rua Fortaleza, s\/n, Vila C, Foz do Igua\u00e7u \u2013 PR. CEP: 85870-200 (3 de 10) Para mais informa\u00e7\u00f5es, acesse: https:\/\/sig.unila.edu.br\/sigaa\/link\/public\/extensao\/visualizacaoAcaoExtensao\/91793981<\/p>\n","protected":false},"author":2,"featured_media":0,"comment_status":"open","ping_status":"open","sticky":false,"template":"","format":"standard","meta":{"footnotes":""},"categories":[42,51,44],"tags":[],"class_list":["post-819","post","type-post","status-publish","format-standard","hentry","category-acao-de-extensao","category-direitos-humanos-e-justica","category-evento"],"_links":{"self":[{"href":"https:\/\/divulga.unila.edu.br\/umapas\/index.php?rest_route=\/wp\/v2\/posts\/819","targetHints":{"allow":["GET"]}}],"collection":[{"href":"https:\/\/divulga.unila.edu.br\/umapas\/index.php?rest_route=\/wp\/v2\/posts"}],"about":[{"href":"https:\/\/divulga.unila.edu.br\/umapas\/index.php?rest_route=\/wp\/v2\/types\/post"}],"author":[{"embeddable":true,"href":"https:\/\/divulga.unila.edu.br\/umapas\/index.php?rest_route=\/wp\/v2\/users\/2"}],"replies":[{"embeddable":true,"href":"https:\/\/divulga.unila.edu.br\/umapas\/index.php?rest_route=%2Fwp%2Fv2%2Fcomments&post=819"}],"version-history":[{"count":1,"href":"https:\/\/divulga.unila.edu.br\/umapas\/index.php?rest_route=\/wp\/v2\/posts\/819\/revisions"}],"predecessor-version":[{"id":820,"href":"https:\/\/divulga.unila.edu.br\/umapas\/index.php?rest_route=\/wp\/v2\/posts\/819\/revisions\/820"}],"wp:attachment":[{"href":"https:\/\/divulga.unila.edu.br\/umapas\/index.php?rest_route=%2Fwp%2Fv2%2Fmedia&parent=819"}],"wp:term":[{"taxonomy":"category","embeddable":true,"href":"https:\/\/divulga.unila.edu.br\/umapas\/index.php?rest_route=%2Fwp%2Fv2%2Fcategories&post=819"},{"taxonomy":"post_tag","embeddable":true,"href":"https:\/\/divulga.unila.edu.br\/umapas\/index.php?rest_route=%2Fwp%2Fv2%2Ftags&post=819"}],"curies":[{"name":"wp","href":"https:\/\/api.w.org\/{rel}","templated":true}]}}