{"id":8133,"date":"2021-07-13T10:00:26","date_gmt":"2021-07-13T13:00:26","guid":{"rendered":"https:\/\/unila.edu.br\/umapas\/?p=8133"},"modified":"2021-07-13T10:00:26","modified_gmt":"2021-07-13T13:00:26","slug":"o-audiovisual-como-instrumento-de-dialogo-descobrindo-se-4","status":"publish","type":"post","link":"https:\/\/divulga.unila.edu.br\/umapas\/?p=8133","title":{"rendered":"O audiovisual como instrumento de di\u00e1logo: Descobrindo-se"},"content":{"rendered":"<p style=\"text-align: justify;\"><strong>Coordenador:<\/strong> Rogerio Motta Moreira<\/p>\n<p style=\"text-align: justify;\"><strong>Contato:<\/strong> rogerio.moreira@unila.edu.br<\/p>\n<p><strong>Local de realiza\u00e7\u00e3o:<\/strong> Sudacas Bar &#8211; Avenida Rep\u00fablica Argentina, 1106, Centro, Foz do Igua\u00e7u, Paran\u00e1 &#8211; Brasil.<\/p>\n<p><strong>Para mais informa\u00e7\u00f5es, acesse: <\/strong><a href=\"https:\/\/sig.unila.edu.br\/sigaa\/link\/public\/extensao\/visualizacaoAcaoExtensao\/91793868\" target=\"_blank\">https:\/\/sig.unila.edu.br\/sigaa\/link\/public\/extensao\/visualizacaoAcaoExtensao\/91793868<\/a><strong><br \/>\n<\/strong><\/p>\n","protected":false},"excerpt":{"rendered":"<p>Coordenador: Rogerio Motta Moreira Contato: rogerio.moreira@unila.edu.br Local de realiza\u00e7\u00e3o: Sudacas Bar &#8211; Avenida Rep\u00fablica Argentina, 1106, Centro, Foz do Igua\u00e7u, Paran\u00e1 &#8211; Brasil. Para mais informa\u00e7\u00f5es, acesse: https:\/\/sig.unila.edu.br\/sigaa\/link\/public\/extensao\/visualizacaoAcaoExtensao\/91793868<\/p>\n","protected":false},"author":2,"featured_media":0,"comment_status":"closed","ping_status":"open","sticky":false,"template":"","format":"standard","meta":{"footnotes":""},"categories":[42,52,43],"tags":[],"class_list":["post-8133","post","type-post","status-publish","format-standard","hentry","category-acao-de-extensao","category-educacao-letras-e-linguas","category-projeto"],"_links":{"self":[{"href":"https:\/\/divulga.unila.edu.br\/umapas\/index.php?rest_route=\/wp\/v2\/posts\/8133","targetHints":{"allow":["GET"]}}],"collection":[{"href":"https:\/\/divulga.unila.edu.br\/umapas\/index.php?rest_route=\/wp\/v2\/posts"}],"about":[{"href":"https:\/\/divulga.unila.edu.br\/umapas\/index.php?rest_route=\/wp\/v2\/types\/post"}],"author":[{"embeddable":true,"href":"https:\/\/divulga.unila.edu.br\/umapas\/index.php?rest_route=\/wp\/v2\/users\/2"}],"replies":[{"embeddable":true,"href":"https:\/\/divulga.unila.edu.br\/umapas\/index.php?rest_route=%2Fwp%2Fv2%2Fcomments&post=8133"}],"version-history":[{"count":1,"href":"https:\/\/divulga.unila.edu.br\/umapas\/index.php?rest_route=\/wp\/v2\/posts\/8133\/revisions"}],"predecessor-version":[{"id":8135,"href":"https:\/\/divulga.unila.edu.br\/umapas\/index.php?rest_route=\/wp\/v2\/posts\/8133\/revisions\/8135"}],"wp:attachment":[{"href":"https:\/\/divulga.unila.edu.br\/umapas\/index.php?rest_route=%2Fwp%2Fv2%2Fmedia&parent=8133"}],"wp:term":[{"taxonomy":"category","embeddable":true,"href":"https:\/\/divulga.unila.edu.br\/umapas\/index.php?rest_route=%2Fwp%2Fv2%2Fcategories&post=8133"},{"taxonomy":"post_tag","embeddable":true,"href":"https:\/\/divulga.unila.edu.br\/umapas\/index.php?rest_route=%2Fwp%2Fv2%2Ftags&post=8133"}],"curies":[{"name":"wp","href":"https:\/\/api.w.org\/{rel}","templated":true}]}}