{"id":806,"date":"2017-03-22T13:40:33","date_gmt":"2017-03-22T13:40:33","guid":{"rendered":"http:\/\/10.80.6.168\/wordpress.mapeamento\/?p=806"},"modified":"2017-09-06T18:09:18","modified_gmt":"2017-09-06T18:09:18","slug":"ocupa-pet-cinema-e-direitos-humanos-3","status":"publish","type":"post","link":"https:\/\/divulga.unila.edu.br\/umapas\/?p=806","title":{"rendered":"Ocupa PET: Cinema e Direitos Humanos"},"content":{"rendered":"<p style=\"text-align: justify;\"><strong>Coordenadora:<\/strong> Francieli Rebelatto<\/p>\n<p style=\"text-align: justify;\"><strong>Contato:<\/strong> francieli.rebelatto@unila.edu.br<\/p>\n<p><strong>Local de realiza\u00e7\u00e3o:<\/strong> Centro de Direitos Humanos e Mem\u00f3ria Popular de Foz do Igua\u00e7u &#8211; Alameda Batuiba, 146, Vila A, Foz do Igua\u00e7u \u2013 PR. CEP: 85866-170 (3 de 3)<\/p>\n<p><strong>Para mais informa\u00e7\u00f5es, acesse:<\/strong> <a href=\"https:\/\/sig.unila.edu.br\/sigaa\/link\/public\/extensao\/visualizacaoAcaoExtensao\/91793848\" target=\"_blank\">https:\/\/sig.unila.edu.br\/sigaa\/link\/public\/extensao\/visualizacaoAcaoExtensao\/91793848<\/a><\/p>\n","protected":false},"excerpt":{"rendered":"<p>Coordenadora: Francieli Rebelatto Contato: francieli.rebelatto@unila.edu.br Local de realiza\u00e7\u00e3o: Centro de Direitos Humanos e Mem\u00f3ria Popular de Foz do Igua\u00e7u &#8211; Alameda Batuiba, 146, Vila A, Foz do Igua\u00e7u \u2013 PR. CEP: 85866-170 (3 de 3) Para mais informa\u00e7\u00f5es, acesse: https:\/\/sig.unila.edu.br\/sigaa\/link\/public\/extensao\/visualizacaoAcaoExtensao\/91793848<\/p>\n","protected":false},"author":2,"featured_media":0,"comment_status":"open","ping_status":"open","sticky":false,"template":"","format":"standard","meta":{"footnotes":""},"categories":[42,50,44],"tags":[],"class_list":["post-806","post","type-post","status-publish","format-standard","hentry","category-acao-de-extensao","category-cultura-e-artes","category-evento"],"_links":{"self":[{"href":"https:\/\/divulga.unila.edu.br\/umapas\/index.php?rest_route=\/wp\/v2\/posts\/806","targetHints":{"allow":["GET"]}}],"collection":[{"href":"https:\/\/divulga.unila.edu.br\/umapas\/index.php?rest_route=\/wp\/v2\/posts"}],"about":[{"href":"https:\/\/divulga.unila.edu.br\/umapas\/index.php?rest_route=\/wp\/v2\/types\/post"}],"author":[{"embeddable":true,"href":"https:\/\/divulga.unila.edu.br\/umapas\/index.php?rest_route=\/wp\/v2\/users\/2"}],"replies":[{"embeddable":true,"href":"https:\/\/divulga.unila.edu.br\/umapas\/index.php?rest_route=%2Fwp%2Fv2%2Fcomments&post=806"}],"version-history":[{"count":3,"href":"https:\/\/divulga.unila.edu.br\/umapas\/index.php?rest_route=\/wp\/v2\/posts\/806\/revisions"}],"predecessor-version":[{"id":1047,"href":"https:\/\/divulga.unila.edu.br\/umapas\/index.php?rest_route=\/wp\/v2\/posts\/806\/revisions\/1047"}],"wp:attachment":[{"href":"https:\/\/divulga.unila.edu.br\/umapas\/index.php?rest_route=%2Fwp%2Fv2%2Fmedia&parent=806"}],"wp:term":[{"taxonomy":"category","embeddable":true,"href":"https:\/\/divulga.unila.edu.br\/umapas\/index.php?rest_route=%2Fwp%2Fv2%2Fcategories&post=806"},{"taxonomy":"post_tag","embeddable":true,"href":"https:\/\/divulga.unila.edu.br\/umapas\/index.php?rest_route=%2Fwp%2Fv2%2Ftags&post=806"}],"curies":[{"name":"wp","href":"https:\/\/api.w.org\/{rel}","templated":true}]}}