{"id":7998,"date":"2021-07-06T10:58:54","date_gmt":"2021-07-06T13:58:54","guid":{"rendered":"https:\/\/unila.edu.br\/umapas\/?p=7998"},"modified":"2021-07-06T10:58:54","modified_gmt":"2021-07-06T13:58:54","slug":"politicas-publicas-de-desenvolvimento-rural-e-seguranca-alimentar-no-ambito-da-reaf-reuniao-especializada-sobre-agricultura-familiar-do-mercosul-3","status":"publish","type":"post","link":"https:\/\/divulga.unila.edu.br\/umapas\/?p=7998","title":{"rendered":"Pol\u00edticas P\u00fablicas de Desenvolvimento Rural e Seguran\u00e7a Alimentar no \u00e2mbito da REAF (Reuni\u00e3o Especializada sobre Agricultura Familiar do Mercosul)"},"content":{"rendered":"<p style=\"text-align: justify;\"><strong>Coordenadora:<\/strong> Silvia Aparecida Zimmermann<\/p>\n<p style=\"text-align: justify;\"><strong>Contato:<\/strong> silvia.zimmermann@unila.edu.br<\/p>\n<p><strong>Local de realiza\u00e7\u00e3o:<\/strong> UNILA Campus PTI &#8211; Parque Tecnol\u00f3gico Itaipu &#8211; Avenida Tancredo Neves, 6731, Jardim Itaipu, Foz do Igua\u00e7u, Paran\u00e1 &#8211; Brasil.<\/p>\n<p><strong>Para mais informa\u00e7\u00f5es, acesse: <\/strong><a href=\"https:\/\/sig.unila.edu.br\/sigaa\/link\/public\/extensao\/visualizacaoAcaoExtensao\/91794015\" target=\"_blank\">https:\/\/sig.unila.edu.br\/sigaa\/link\/public\/extensao\/visualizacaoAcaoExtensao\/91794015<\/a><strong><br \/>\n<\/strong><\/p>\n","protected":false},"excerpt":{"rendered":"<p>Coordenadora: Silvia Aparecida Zimmermann Contato: silvia.zimmermann@unila.edu.br Local de realiza\u00e7\u00e3o: UNILA Campus PTI &#8211; Parque Tecnol\u00f3gico Itaipu &#8211; Avenida Tancredo Neves, 6731, Jardim Itaipu, Foz do Igua\u00e7u, Paran\u00e1 &#8211; Brasil. Para mais informa\u00e7\u00f5es, acesse: https:\/\/sig.unila.edu.br\/sigaa\/link\/public\/extensao\/visualizacaoAcaoExtensao\/91794015<\/p>\n","protected":false},"author":24,"featured_media":0,"comment_status":"closed","ping_status":"open","sticky":false,"template":"","format":"standard","meta":{"footnotes":""},"categories":[42,57,43],"tags":[],"class_list":["post-7998","post","type-post","status-publish","format-standard","hentry","category-acao-de-extensao","category-economia-politica-e-desenvolvimento","category-projeto"],"_links":{"self":[{"href":"https:\/\/divulga.unila.edu.br\/umapas\/index.php?rest_route=\/wp\/v2\/posts\/7998","targetHints":{"allow":["GET"]}}],"collection":[{"href":"https:\/\/divulga.unila.edu.br\/umapas\/index.php?rest_route=\/wp\/v2\/posts"}],"about":[{"href":"https:\/\/divulga.unila.edu.br\/umapas\/index.php?rest_route=\/wp\/v2\/types\/post"}],"author":[{"embeddable":true,"href":"https:\/\/divulga.unila.edu.br\/umapas\/index.php?rest_route=\/wp\/v2\/users\/24"}],"replies":[{"embeddable":true,"href":"https:\/\/divulga.unila.edu.br\/umapas\/index.php?rest_route=%2Fwp%2Fv2%2Fcomments&post=7998"}],"version-history":[{"count":1,"href":"https:\/\/divulga.unila.edu.br\/umapas\/index.php?rest_route=\/wp\/v2\/posts\/7998\/revisions"}],"predecessor-version":[{"id":8001,"href":"https:\/\/divulga.unila.edu.br\/umapas\/index.php?rest_route=\/wp\/v2\/posts\/7998\/revisions\/8001"}],"wp:attachment":[{"href":"https:\/\/divulga.unila.edu.br\/umapas\/index.php?rest_route=%2Fwp%2Fv2%2Fmedia&parent=7998"}],"wp:term":[{"taxonomy":"category","embeddable":true,"href":"https:\/\/divulga.unila.edu.br\/umapas\/index.php?rest_route=%2Fwp%2Fv2%2Fcategories&post=7998"},{"taxonomy":"post_tag","embeddable":true,"href":"https:\/\/divulga.unila.edu.br\/umapas\/index.php?rest_route=%2Fwp%2Fv2%2Ftags&post=7998"}],"curies":[{"name":"wp","href":"https:\/\/api.w.org\/{rel}","templated":true}]}}