{"id":796,"date":"2017-03-22T12:54:32","date_gmt":"2017-03-22T12:54:32","guid":{"rendered":"http:\/\/10.80.6.168\/wordpress.mapeamento\/?p=796"},"modified":"2017-09-06T18:10:37","modified_gmt":"2017-09-06T18:10:37","slug":"campanha-pelo-tombamento-do-marco-das-tres-fronteiras-enquanto-patrimonio-cultural","status":"publish","type":"post","link":"https:\/\/divulga.unila.edu.br\/umapas\/?p=796","title":{"rendered":"Campanha pelo Tombamento do Marco das Tr\u00eas Fronteiras enquanto Patrim\u00f4nio Cultural"},"content":{"rendered":"<p style=\"text-align: justify;\"><strong>Coordenador:<\/strong> Pedro Louvain de Campos Oliveira<\/p>\n<p style=\"text-align: justify;\"><strong>Contato:<\/strong> pedro.oliveira@unila.edu.br<\/p>\n<p><strong>Local de realiza\u00e7\u00e3o:<\/strong> Marco das Tr\u00eas Fronteiras &#8211; Rua Marco das Tr\u00eas Fronteiras, s\/n, Jardim Tr\u00eas Fronteiras, Foz do Igua\u00e7u \u2013 PR. (1 de 3)<\/p>\n<p><strong>Para mais informa\u00e7\u00f5es, acesse:<\/strong> <a href=\"https:\/\/sig.unila.edu.br\/sigaa\/link\/public\/extensao\/visualizacaoAcaoExtensao\/91793636\" target=\"_blank\">https:\/\/sig.unila.edu.br\/sigaa\/link\/public\/extensao\/visualizacaoAcaoExtensao\/91793636<\/a><\/p>\n","protected":false},"excerpt":{"rendered":"<p>Coordenador: Pedro Louvain de Campos Oliveira Contato: pedro.oliveira@unila.edu.br Local de realiza\u00e7\u00e3o: Marco das Tr\u00eas Fronteiras &#8211; Rua Marco das Tr\u00eas Fronteiras, s\/n, Jardim Tr\u00eas Fronteiras, Foz do Igua\u00e7u \u2013 PR. (1 de 3) Para mais informa\u00e7\u00f5es, acesse: https:\/\/sig.unila.edu.br\/sigaa\/link\/public\/extensao\/visualizacaoAcaoExtensao\/91793636<\/p>\n","protected":false},"author":2,"featured_media":0,"comment_status":"open","ping_status":"open","sticky":false,"template":"","format":"standard","meta":{"footnotes":""},"categories":[42,52,44],"tags":[],"class_list":["post-796","post","type-post","status-publish","format-standard","hentry","category-acao-de-extensao","category-educacao-letras-e-linguas","category-evento"],"_links":{"self":[{"href":"https:\/\/divulga.unila.edu.br\/umapas\/index.php?rest_route=\/wp\/v2\/posts\/796","targetHints":{"allow":["GET"]}}],"collection":[{"href":"https:\/\/divulga.unila.edu.br\/umapas\/index.php?rest_route=\/wp\/v2\/posts"}],"about":[{"href":"https:\/\/divulga.unila.edu.br\/umapas\/index.php?rest_route=\/wp\/v2\/types\/post"}],"author":[{"embeddable":true,"href":"https:\/\/divulga.unila.edu.br\/umapas\/index.php?rest_route=\/wp\/v2\/users\/2"}],"replies":[{"embeddable":true,"href":"https:\/\/divulga.unila.edu.br\/umapas\/index.php?rest_route=%2Fwp%2Fv2%2Fcomments&post=796"}],"version-history":[{"count":1,"href":"https:\/\/divulga.unila.edu.br\/umapas\/index.php?rest_route=\/wp\/v2\/posts\/796\/revisions"}],"predecessor-version":[{"id":797,"href":"https:\/\/divulga.unila.edu.br\/umapas\/index.php?rest_route=\/wp\/v2\/posts\/796\/revisions\/797"}],"wp:attachment":[{"href":"https:\/\/divulga.unila.edu.br\/umapas\/index.php?rest_route=%2Fwp%2Fv2%2Fmedia&parent=796"}],"wp:term":[{"taxonomy":"category","embeddable":true,"href":"https:\/\/divulga.unila.edu.br\/umapas\/index.php?rest_route=%2Fwp%2Fv2%2Fcategories&post=796"},{"taxonomy":"post_tag","embeddable":true,"href":"https:\/\/divulga.unila.edu.br\/umapas\/index.php?rest_route=%2Fwp%2Fv2%2Ftags&post=796"}],"curies":[{"name":"wp","href":"https:\/\/api.w.org\/{rel}","templated":true}]}}