{"id":787,"date":"2017-03-17T17:21:19","date_gmt":"2017-03-17T17:21:19","guid":{"rendered":"http:\/\/10.80.6.168\/wordpress.mapeamento\/?p=787"},"modified":"2017-09-06T18:11:32","modified_gmt":"2017-09-06T18:11:32","slug":"gastronomia-nutricao-e-cultura-a-mesa-4","status":"publish","type":"post","link":"https:\/\/divulga.unila.edu.br\/umapas\/?p=787","title":{"rendered":"Gastronomia, Nutri\u00e7\u00e3o e Cultura \u00e0 Mesa"},"content":{"rendered":"<p style=\"text-align: justify;\"><strong>Coordenadora:<\/strong> Jessica de Andrade Januskevicius<\/p>\n<p style=\"text-align: justify;\"><strong>Contato:<\/strong> jessica.januskevicius@unila.edu.br<\/p>\n<p><strong>Local de realiza\u00e7\u00e3o:<\/strong> Alojamento Ava\u00ed &#8211; Alameda Ava\u00ed, Jardim Itamaraty, Foz do Igua\u00e7u \u2013 PR. CEP: 85863-020 (4 de 6)<\/p>\n<p><strong>Para mais informa\u00e7\u00f5es, acesse:<\/strong> <a href=\"https:\/\/sig.unila.edu.br\/sigaa\/link\/public\/extensao\/visualizacaoAcaoExtensao\/91793648\" target=\"_blank\">https:\/\/sig.unila.edu.br\/sigaa\/link\/public\/extensao\/visualizacaoAcaoExtensao\/91793648<\/a><\/p>\n","protected":false},"excerpt":{"rendered":"<p>Coordenadora: Jessica de Andrade Januskevicius Contato: jessica.januskevicius@unila.edu.br Local de realiza\u00e7\u00e3o: Alojamento Ava\u00ed &#8211; Alameda Ava\u00ed, Jardim Itamaraty, Foz do Igua\u00e7u \u2013 PR. CEP: 85863-020 (4 de 6) Para mais informa\u00e7\u00f5es, acesse: https:\/\/sig.unila.edu.br\/sigaa\/link\/public\/extensao\/visualizacaoAcaoExtensao\/91793648<\/p>\n","protected":false},"author":2,"featured_media":0,"comment_status":"open","ping_status":"open","sticky":false,"template":"","format":"standard","meta":{"footnotes":""},"categories":[42,45,54],"tags":[],"class_list":["post-787","post","type-post","status-publish","format-standard","hentry","category-acao-de-extensao","category-curso","category-saude"],"_links":{"self":[{"href":"https:\/\/divulga.unila.edu.br\/umapas\/index.php?rest_route=\/wp\/v2\/posts\/787","targetHints":{"allow":["GET"]}}],"collection":[{"href":"https:\/\/divulga.unila.edu.br\/umapas\/index.php?rest_route=\/wp\/v2\/posts"}],"about":[{"href":"https:\/\/divulga.unila.edu.br\/umapas\/index.php?rest_route=\/wp\/v2\/types\/post"}],"author":[{"embeddable":true,"href":"https:\/\/divulga.unila.edu.br\/umapas\/index.php?rest_route=\/wp\/v2\/users\/2"}],"replies":[{"embeddable":true,"href":"https:\/\/divulga.unila.edu.br\/umapas\/index.php?rest_route=%2Fwp%2Fv2%2Fcomments&post=787"}],"version-history":[{"count":1,"href":"https:\/\/divulga.unila.edu.br\/umapas\/index.php?rest_route=\/wp\/v2\/posts\/787\/revisions"}],"predecessor-version":[{"id":788,"href":"https:\/\/divulga.unila.edu.br\/umapas\/index.php?rest_route=\/wp\/v2\/posts\/787\/revisions\/788"}],"wp:attachment":[{"href":"https:\/\/divulga.unila.edu.br\/umapas\/index.php?rest_route=%2Fwp%2Fv2%2Fmedia&parent=787"}],"wp:term":[{"taxonomy":"category","embeddable":true,"href":"https:\/\/divulga.unila.edu.br\/umapas\/index.php?rest_route=%2Fwp%2Fv2%2Fcategories&post=787"},{"taxonomy":"post_tag","embeddable":true,"href":"https:\/\/divulga.unila.edu.br\/umapas\/index.php?rest_route=%2Fwp%2Fv2%2Ftags&post=787"}],"curies":[{"name":"wp","href":"https:\/\/api.w.org\/{rel}","templated":true}]}}