{"id":779,"date":"2017-03-17T16:55:06","date_gmt":"2017-03-17T16:55:06","guid":{"rendered":"http:\/\/10.80.6.168\/wordpress.mapeamento\/?p=779"},"modified":"2017-09-06T19:11:39","modified_gmt":"2017-09-06T19:11:39","slug":"curso-de-extensao-geopolitica-dos-conflitos-e-processos-de-integracao-regional-em-perspectiva-comparada-na-america-latina-africa-e-asia-2","status":"publish","type":"post","link":"https:\/\/divulga.unila.edu.br\/umapas\/?p=779","title":{"rendered":"Curso de Extens\u00e3o: Geopol\u00edtica dos Conflitos e Processos de Integra\u00e7\u00e3o Regional em Perspectiva Comparada na Am\u00e9rica Latina, \u00c1frica e \u00c1sia"},"content":{"rendered":"<p style=\"text-align: justify;\"><strong>Coordenador:<\/strong> Lucas Kerr de Oliveira<\/p>\n<p style=\"text-align: justify;\"><strong>Contato:<\/strong> lucas.oliveira@unila.edu.br<\/p>\n<p><strong>Local de realiza\u00e7\u00e3o:<\/strong> IFPR Campus de Foz do Igua\u00e7u &#8211; Avenida Arauc\u00e1ria, 780, Vila A, Foz do Igua\u00e7u \u2013 PR. CEP: 85860-000 (3 de 4)<\/p>\n<p><strong>Para mais informa\u00e7\u00f5es, acesse:<\/strong> <a href=\"https:\/\/sig.unila.edu.br\/sigaa\/link\/public\/extensao\/visualizacaoAcaoExtensao\/91793796\" target=\"_blank\">https:\/\/sig.unila.edu.br\/sigaa\/link\/public\/extensao\/visualizacaoAcaoExtensao\/91793796<\/a><\/p>\n","protected":false},"excerpt":{"rendered":"<p>Coordenador: Lucas Kerr de Oliveira Contato: lucas.oliveira@unila.edu.br Local de realiza\u00e7\u00e3o: IFPR Campus de Foz do Igua\u00e7u &#8211; Avenida Arauc\u00e1ria, 780, Vila A, Foz do Igua\u00e7u \u2013 PR. CEP: 85860-000 (3 de 4) Para mais informa\u00e7\u00f5es, acesse: https:\/\/sig.unila.edu.br\/sigaa\/link\/public\/extensao\/visualizacaoAcaoExtensao\/91793796<\/p>\n","protected":false},"author":2,"featured_media":0,"comment_status":"open","ping_status":"open","sticky":false,"template":"","format":"standard","meta":{"footnotes":""},"categories":[42,45,57],"tags":[],"class_list":["post-779","post","type-post","status-publish","format-standard","hentry","category-acao-de-extensao","category-curso","category-economia-politica-e-desenvolvimento"],"_links":{"self":[{"href":"https:\/\/divulga.unila.edu.br\/umapas\/index.php?rest_route=\/wp\/v2\/posts\/779","targetHints":{"allow":["GET"]}}],"collection":[{"href":"https:\/\/divulga.unila.edu.br\/umapas\/index.php?rest_route=\/wp\/v2\/posts"}],"about":[{"href":"https:\/\/divulga.unila.edu.br\/umapas\/index.php?rest_route=\/wp\/v2\/types\/post"}],"author":[{"embeddable":true,"href":"https:\/\/divulga.unila.edu.br\/umapas\/index.php?rest_route=\/wp\/v2\/users\/2"}],"replies":[{"embeddable":true,"href":"https:\/\/divulga.unila.edu.br\/umapas\/index.php?rest_route=%2Fwp%2Fv2%2Fcomments&post=779"}],"version-history":[{"count":4,"href":"https:\/\/divulga.unila.edu.br\/umapas\/index.php?rest_route=\/wp\/v2\/posts\/779\/revisions"}],"predecessor-version":[{"id":1404,"href":"https:\/\/divulga.unila.edu.br\/umapas\/index.php?rest_route=\/wp\/v2\/posts\/779\/revisions\/1404"}],"wp:attachment":[{"href":"https:\/\/divulga.unila.edu.br\/umapas\/index.php?rest_route=%2Fwp%2Fv2%2Fmedia&parent=779"}],"wp:term":[{"taxonomy":"category","embeddable":true,"href":"https:\/\/divulga.unila.edu.br\/umapas\/index.php?rest_route=%2Fwp%2Fv2%2Fcategories&post=779"},{"taxonomy":"post_tag","embeddable":true,"href":"https:\/\/divulga.unila.edu.br\/umapas\/index.php?rest_route=%2Fwp%2Fv2%2Ftags&post=779"}],"curies":[{"name":"wp","href":"https:\/\/api.w.org\/{rel}","templated":true}]}}