{"id":7776,"date":"2021-07-05T14:51:04","date_gmt":"2021-07-05T17:51:04","guid":{"rendered":"https:\/\/unila.edu.br\/umapas\/?p=7776"},"modified":"2021-07-05T14:51:04","modified_gmt":"2021-07-05T17:51:04","slug":"orquestra-de-violoes-unila-4","status":"publish","type":"post","link":"https:\/\/divulga.unila.edu.br\/umapas\/?p=7776","title":{"rendered":"Orquestra de viol\u00f5es UNILA"},"content":{"rendered":"<p style=\"text-align: justify;\"><strong>Coordenador:<\/strong> Gabriel Henrique Bianco Navia<\/p>\n<p style=\"text-align: justify;\"><strong>Contato:<\/strong> gabriel.navia@unila.edu.br<\/p>\n<p><strong>Local de realiza\u00e7\u00e3o:<\/strong> Audit\u00f3rio do Conservat\u00f3rio de Bellas Artes &#8211; Universidad Nacional del Este (UNE) &#8211; Rua Ac\u00e1 Caraya com Rua El Carmen, Area 3, Ciudad del Este, Alto Paran\u00e1 &#8211; Paraguai.<\/p>\n<p><strong>Para mais informa\u00e7\u00f5es, acesse: <\/strong><a href=\"https:\/\/sig.unila.edu.br\/sigaa\/link\/public\/extensao\/visualizacaoAcaoExtensao\/91793969\" target=\"_blank\">https:\/\/sig.unila.edu.br\/sigaa\/link\/public\/extensao\/visualizacaoAcaoExtensao\/91793969<\/a><strong><br \/>\n<\/strong><\/p>\n","protected":false},"excerpt":{"rendered":"<p>Coordenador: Gabriel Henrique Bianco Navia Contato: gabriel.navia@unila.edu.br Local de realiza\u00e7\u00e3o: Audit\u00f3rio do Conservat\u00f3rio de Bellas Artes &#8211; Universidad Nacional del Este (UNE) &#8211; Rua Ac\u00e1 Caraya com Rua El Carmen, Area 3, Ciudad del Este, Alto Paran\u00e1 &#8211; Paraguai. Para mais informa\u00e7\u00f5es, acesse: https:\/\/sig.unila.edu.br\/sigaa\/link\/public\/extensao\/visualizacaoAcaoExtensao\/91793969<\/p>\n","protected":false},"author":24,"featured_media":0,"comment_status":"closed","ping_status":"open","sticky":false,"template":"","format":"standard","meta":{"footnotes":""},"categories":[42,50,43],"tags":[],"class_list":["post-7776","post","type-post","status-publish","format-standard","hentry","category-acao-de-extensao","category-cultura-e-artes","category-projeto"],"_links":{"self":[{"href":"https:\/\/divulga.unila.edu.br\/umapas\/index.php?rest_route=\/wp\/v2\/posts\/7776","targetHints":{"allow":["GET"]}}],"collection":[{"href":"https:\/\/divulga.unila.edu.br\/umapas\/index.php?rest_route=\/wp\/v2\/posts"}],"about":[{"href":"https:\/\/divulga.unila.edu.br\/umapas\/index.php?rest_route=\/wp\/v2\/types\/post"}],"author":[{"embeddable":true,"href":"https:\/\/divulga.unila.edu.br\/umapas\/index.php?rest_route=\/wp\/v2\/users\/24"}],"replies":[{"embeddable":true,"href":"https:\/\/divulga.unila.edu.br\/umapas\/index.php?rest_route=%2Fwp%2Fv2%2Fcomments&post=7776"}],"version-history":[{"count":1,"href":"https:\/\/divulga.unila.edu.br\/umapas\/index.php?rest_route=\/wp\/v2\/posts\/7776\/revisions"}],"predecessor-version":[{"id":7779,"href":"https:\/\/divulga.unila.edu.br\/umapas\/index.php?rest_route=\/wp\/v2\/posts\/7776\/revisions\/7779"}],"wp:attachment":[{"href":"https:\/\/divulga.unila.edu.br\/umapas\/index.php?rest_route=%2Fwp%2Fv2%2Fmedia&parent=7776"}],"wp:term":[{"taxonomy":"category","embeddable":true,"href":"https:\/\/divulga.unila.edu.br\/umapas\/index.php?rest_route=%2Fwp%2Fv2%2Fcategories&post=7776"},{"taxonomy":"post_tag","embeddable":true,"href":"https:\/\/divulga.unila.edu.br\/umapas\/index.php?rest_route=%2Fwp%2Fv2%2Ftags&post=7776"}],"curies":[{"name":"wp","href":"https:\/\/api.w.org\/{rel}","templated":true}]}}