{"id":775,"date":"2017-03-17T16:46:43","date_gmt":"2017-03-17T16:46:43","guid":{"rendered":"http:\/\/10.80.6.168\/wordpress.mapeamento\/?p=775"},"modified":"2017-09-06T18:13:05","modified_gmt":"2017-09-06T18:13:05","slug":"curso-de-extensao-em-historias-e-culturas-indigenas-3","status":"publish","type":"post","link":"https:\/\/divulga.unila.edu.br\/umapas\/?p=775","title":{"rendered":"Curso de Extens\u00e3o em Hist\u00f3rias e Culturas Ind\u00edgenas"},"content":{"rendered":"<p style=\"text-align: justify;\"><strong>Coordenador:<\/strong> Cl\u00f3vis Ant\u00f4nio Brighenti<\/p>\n<p style=\"text-align: justify;\"><strong>Contato:<\/strong> clovisbrighenti@hotmail.com<\/p>\n<p><strong>Local de realiza\u00e7\u00e3o:<\/strong> Edif\u00edcio Ven\u00e2ncio III (salas 309 a 314), SDS Bloco P, Asa Sul, Bras\u00edlia \u2013 DF. CEP: 70393-902 (3 de 3)<\/p>\n<p><strong>Para mais informa\u00e7\u00f5es, acesse:<\/strong> <a href=\"https:\/\/sig.unila.edu.br\/sigaa\/link\/public\/extensao\/visualizacaoAcaoExtensao\/91793712\" target=\"_blank\">https:\/\/sig.unila.edu.br\/sigaa\/link\/public\/extensao\/visualizacaoAcaoExtensao\/91793712<\/a><\/p>\n","protected":false},"excerpt":{"rendered":"<p>Coordenador: Cl\u00f3vis Ant\u00f4nio Brighenti Contato: clovisbrighenti@hotmail.com Local de realiza\u00e7\u00e3o: Edif\u00edcio Ven\u00e2ncio III (salas 309 a 314), SDS Bloco P, Asa Sul, Bras\u00edlia \u2013 DF. CEP: 70393-902 (3 de 3) Para mais informa\u00e7\u00f5es, acesse: https:\/\/sig.unila.edu.br\/sigaa\/link\/public\/extensao\/visualizacaoAcaoExtensao\/91793712<\/p>\n","protected":false},"author":2,"featured_media":0,"comment_status":"open","ping_status":"open","sticky":false,"template":"","format":"standard","meta":{"footnotes":""},"categories":[42,45,51],"tags":[],"class_list":["post-775","post","type-post","status-publish","format-standard","hentry","category-acao-de-extensao","category-curso","category-direitos-humanos-e-justica"],"_links":{"self":[{"href":"https:\/\/divulga.unila.edu.br\/umapas\/index.php?rest_route=\/wp\/v2\/posts\/775","targetHints":{"allow":["GET"]}}],"collection":[{"href":"https:\/\/divulga.unila.edu.br\/umapas\/index.php?rest_route=\/wp\/v2\/posts"}],"about":[{"href":"https:\/\/divulga.unila.edu.br\/umapas\/index.php?rest_route=\/wp\/v2\/types\/post"}],"author":[{"embeddable":true,"href":"https:\/\/divulga.unila.edu.br\/umapas\/index.php?rest_route=\/wp\/v2\/users\/2"}],"replies":[{"embeddable":true,"href":"https:\/\/divulga.unila.edu.br\/umapas\/index.php?rest_route=%2Fwp%2Fv2%2Fcomments&post=775"}],"version-history":[{"count":1,"href":"https:\/\/divulga.unila.edu.br\/umapas\/index.php?rest_route=\/wp\/v2\/posts\/775\/revisions"}],"predecessor-version":[{"id":776,"href":"https:\/\/divulga.unila.edu.br\/umapas\/index.php?rest_route=\/wp\/v2\/posts\/775\/revisions\/776"}],"wp:attachment":[{"href":"https:\/\/divulga.unila.edu.br\/umapas\/index.php?rest_route=%2Fwp%2Fv2%2Fmedia&parent=775"}],"wp:term":[{"taxonomy":"category","embeddable":true,"href":"https:\/\/divulga.unila.edu.br\/umapas\/index.php?rest_route=%2Fwp%2Fv2%2Fcategories&post=775"},{"taxonomy":"post_tag","embeddable":true,"href":"https:\/\/divulga.unila.edu.br\/umapas\/index.php?rest_route=%2Fwp%2Fv2%2Ftags&post=775"}],"curies":[{"name":"wp","href":"https:\/\/api.w.org\/{rel}","templated":true}]}}