{"id":769,"date":"2017-03-17T14:52:45","date_gmt":"2017-03-17T14:52:45","guid":{"rendered":"http:\/\/10.80.6.168\/wordpress.mapeamento\/?p=769"},"modified":"2017-09-05T19:40:33","modified_gmt":"2017-09-05T19:40:33","slug":"curso-de-capacitacao-em-geoprocessamento-com-software-livre-para-participantes-do-plano-municipal-de-conservacao-e-recuperacao-da-mata-atlantica-do-municipio-de-foz-do-iguacupr-nivel-basico","status":"publish","type":"post","link":"https:\/\/divulga.unila.edu.br\/umapas\/?p=769","title":{"rendered":"Curso de capacita\u00e7\u00e3o em geoprocessamento com software livre para participantes do Plano Municipal de Conserva\u00e7\u00e3o e Recupera\u00e7\u00e3o da Mata Atl\u00e2ntica do munic\u00edpio de Foz do Igua\u00e7u\/PR. N\u00edvel B\u00e1sico."},"content":{"rendered":"<p style=\"text-align: justify;\"><strong>Coordenador:<\/strong> Samuel Fernando Adami<\/p>\n<p style=\"text-align: justify;\"><strong>Contato:<\/strong> samuel.adami@unila.edu.br<\/p>\n<p><strong>Local de realiza\u00e7\u00e3o:<\/strong> UNILA Campus PTI \u2013 Avenida Tancredo Neves, 6731, laborat\u00f3rio de inform\u00e1tica, Foz do Igua\u00e7u \u2013 PR. Caixa postal 2044, CEP: 85867-970 (1 de 2)<\/p>\n<p><strong>Para mais informa\u00e7\u00f5es, acesse:<\/strong> <a href=\"https:\/\/sig.unila.edu.br\/sigaa\/link\/public\/extensao\/visualizacaoAcaoExtensao\/91793711\" target=\"_blank\">https:\/\/sig.unila.edu.br\/sigaa\/link\/public\/extensao\/visualizacaoAcaoExtensao\/91793711<\/a><\/p>\n","protected":false},"excerpt":{"rendered":"<p>Coordenador: Samuel Fernando Adami Contato: samuel.adami@unila.edu.br Local de realiza\u00e7\u00e3o: UNILA Campus PTI \u2013 Avenida Tancredo Neves, 6731, laborat\u00f3rio de inform\u00e1tica, Foz do Igua\u00e7u \u2013 PR. Caixa postal 2044, CEP: 85867-970 (1 de 2) Para mais informa\u00e7\u00f5es, acesse: https:\/\/sig.unila.edu.br\/sigaa\/link\/public\/extensao\/visualizacaoAcaoExtensao\/91793711<\/p>\n","protected":false},"author":2,"featured_media":0,"comment_status":"open","ping_status":"open","sticky":false,"template":"","format":"standard","meta":{"footnotes":""},"categories":[42,45,53],"tags":[],"class_list":["post-769","post","type-post","status-publish","format-standard","hentry","category-acao-de-extensao","category-curso","category-meio-ambiente"],"_links":{"self":[{"href":"https:\/\/divulga.unila.edu.br\/umapas\/index.php?rest_route=\/wp\/v2\/posts\/769","targetHints":{"allow":["GET"]}}],"collection":[{"href":"https:\/\/divulga.unila.edu.br\/umapas\/index.php?rest_route=\/wp\/v2\/posts"}],"about":[{"href":"https:\/\/divulga.unila.edu.br\/umapas\/index.php?rest_route=\/wp\/v2\/types\/post"}],"author":[{"embeddable":true,"href":"https:\/\/divulga.unila.edu.br\/umapas\/index.php?rest_route=\/wp\/v2\/users\/2"}],"replies":[{"embeddable":true,"href":"https:\/\/divulga.unila.edu.br\/umapas\/index.php?rest_route=%2Fwp%2Fv2%2Fcomments&post=769"}],"version-history":[{"count":2,"href":"https:\/\/divulga.unila.edu.br\/umapas\/index.php?rest_route=\/wp\/v2\/posts\/769\/revisions"}],"predecessor-version":[{"id":970,"href":"https:\/\/divulga.unila.edu.br\/umapas\/index.php?rest_route=\/wp\/v2\/posts\/769\/revisions\/970"}],"wp:attachment":[{"href":"https:\/\/divulga.unila.edu.br\/umapas\/index.php?rest_route=%2Fwp%2Fv2%2Fmedia&parent=769"}],"wp:term":[{"taxonomy":"category","embeddable":true,"href":"https:\/\/divulga.unila.edu.br\/umapas\/index.php?rest_route=%2Fwp%2Fv2%2Fcategories&post=769"},{"taxonomy":"post_tag","embeddable":true,"href":"https:\/\/divulga.unila.edu.br\/umapas\/index.php?rest_route=%2Fwp%2Fv2%2Ftags&post=769"}],"curies":[{"name":"wp","href":"https:\/\/api.w.org\/{rel}","templated":true}]}}