{"id":767,"date":"2017-03-17T14:31:22","date_gmt":"2017-03-17T14:31:22","guid":{"rendered":"http:\/\/10.80.6.168\/wordpress.mapeamento\/?p=767"},"modified":"2021-07-29T16:01:29","modified_gmt":"2021-07-29T19:01:29","slug":"curso-de-aerofones-e-teatro-2","status":"publish","type":"post","link":"https:\/\/divulga.unila.edu.br\/umapas\/?p=767","title":{"rendered":"Curso de aerofones e teatro"},"content":{"rendered":"<p style=\"text-align: justify;\"><strong>Coordenador:<\/strong> Marcelo Ricardo Villena<\/p>\n<p style=\"text-align: justify;\"><strong>Contato:<\/strong> marcelo.ricardo.villena@gmail.com<\/p>\n<p><strong>Local de realiza\u00e7\u00e3o:\u00a0<\/strong><span data-sheets-value=\"{&quot;1&quot;:2,&quot;2&quot;:&quot;Col\u00e9gio Estadual Ind\u00edgena Teko \u00d1emoingo&quot;}\" data-sheets-userformat=\"{&quot;2&quot;:14785,&quot;3&quot;:{&quot;1&quot;:0},&quot;9&quot;:0,&quot;10&quot;:1,&quot;11&quot;:3,&quot;14&quot;:[null,2,16711680],&quot;15&quot;:&quot;Times New Roman&quot;,&quot;16&quot;:10}\">Col\u00e9gio Estadual Ind\u00edgena Teko \u00d1emoingo &#8211;\u00a0<\/span>Reserva Ind\u00edgena Ava Guarani, S\u00e3o Miguel do Igua\u00e7u \u2013 PR. CEP: 85877-000 (2 de 2)<\/p>\n<p><strong>Para mais informa\u00e7\u00f5es, acesse:<\/strong> <a href=\"https:\/\/sig.unila.edu.br\/sigaa\/link\/public\/extensao\/visualizacaoAcaoExtensao\/91793608\" target=\"_blank\">https:\/\/sig.unila.edu.br\/sigaa\/link\/public\/extensao\/visualizacaoAcaoExtensao\/91793608<\/a><\/p>\n","protected":false},"excerpt":{"rendered":"<p>Coordenador: Marcelo Ricardo Villena Contato: marcelo.ricardo.villena@gmail.com Local de realiza\u00e7\u00e3o:\u00a0Col\u00e9gio Estadual Ind\u00edgena Teko \u00d1emoingo &#8211;\u00a0Reserva Ind\u00edgena Ava Guarani, S\u00e3o Miguel do Igua\u00e7u \u2013 PR. CEP: 85877-000 (2 de 2) Para mais informa\u00e7\u00f5es, acesse: https:\/\/sig.unila.edu.br\/sigaa\/link\/public\/extensao\/visualizacaoAcaoExtensao\/91793608<\/p>\n","protected":false},"author":2,"featured_media":0,"comment_status":"open","ping_status":"open","sticky":false,"template":"","format":"standard","meta":{"footnotes":""},"categories":[42,50,45],"tags":[],"class_list":["post-767","post","type-post","status-publish","format-standard","hentry","category-acao-de-extensao","category-cultura-e-artes","category-curso"],"_links":{"self":[{"href":"https:\/\/divulga.unila.edu.br\/umapas\/index.php?rest_route=\/wp\/v2\/posts\/767","targetHints":{"allow":["GET"]}}],"collection":[{"href":"https:\/\/divulga.unila.edu.br\/umapas\/index.php?rest_route=\/wp\/v2\/posts"}],"about":[{"href":"https:\/\/divulga.unila.edu.br\/umapas\/index.php?rest_route=\/wp\/v2\/types\/post"}],"author":[{"embeddable":true,"href":"https:\/\/divulga.unila.edu.br\/umapas\/index.php?rest_route=\/wp\/v2\/users\/2"}],"replies":[{"embeddable":true,"href":"https:\/\/divulga.unila.edu.br\/umapas\/index.php?rest_route=%2Fwp%2Fv2%2Fcomments&post=767"}],"version-history":[{"count":2,"href":"https:\/\/divulga.unila.edu.br\/umapas\/index.php?rest_route=\/wp\/v2\/posts\/767\/revisions"}],"predecessor-version":[{"id":8518,"href":"https:\/\/divulga.unila.edu.br\/umapas\/index.php?rest_route=\/wp\/v2\/posts\/767\/revisions\/8518"}],"wp:attachment":[{"href":"https:\/\/divulga.unila.edu.br\/umapas\/index.php?rest_route=%2Fwp%2Fv2%2Fmedia&parent=767"}],"wp:term":[{"taxonomy":"category","embeddable":true,"href":"https:\/\/divulga.unila.edu.br\/umapas\/index.php?rest_route=%2Fwp%2Fv2%2Fcategories&post=767"},{"taxonomy":"post_tag","embeddable":true,"href":"https:\/\/divulga.unila.edu.br\/umapas\/index.php?rest_route=%2Fwp%2Fv2%2Ftags&post=767"}],"curies":[{"name":"wp","href":"https:\/\/api.w.org\/{rel}","templated":true}]}}