{"id":7659,"date":"2021-07-05T13:31:45","date_gmt":"2021-07-05T16:31:45","guid":{"rendered":"https:\/\/unila.edu.br\/umapas\/?p=7659"},"modified":"2021-07-05T13:31:45","modified_gmt":"2021-07-05T16:31:45","slug":"nucleo-de-apoio-aos-povos-da-terra-3","status":"publish","type":"post","link":"https:\/\/divulga.unila.edu.br\/umapas\/?p=7659","title":{"rendered":"N\u00facleo de Apoio aos Povos da Terra"},"content":{"rendered":"<p style=\"text-align: justify;\"><strong>Coordenador:<\/strong> J\u00falio da Silveira Moreira<\/p>\n<p style=\"text-align: justify;\"><strong>Contato:<\/strong> julio.moreira@unila.edu.br<\/p>\n<p><strong>Local de realiza\u00e7\u00e3o:<\/strong> UNILA Campus PTI &#8211; Parque Tecnol\u00f3gico Itaipu &#8211; Avenida Tancredo Neves, 6731, Jardim Itaipu, Foz do Igua\u00e7u, Paran\u00e1 &#8211; Brasil.<\/p>\n<p><strong>Para mais informa\u00e7\u00f5es, acesse: <\/strong><a href=\"https:\/\/sig.unila.edu.br\/sigaa\/link\/public\/extensao\/visualizacaoAcaoExtensao\/91793972\" target=\"_blank\">https:\/\/sig.unila.edu.br\/sigaa\/link\/public\/extensao\/visualizacaoAcaoExtensao\/91793972<\/a><strong><br \/>\n<\/strong><\/p>\n","protected":false},"excerpt":{"rendered":"<p>Coordenador: J\u00falio da Silveira Moreira Contato: julio.moreira@unila.edu.br Local de realiza\u00e7\u00e3o: UNILA Campus PTI &#8211; Parque Tecnol\u00f3gico Itaipu &#8211; Avenida Tancredo Neves, 6731, Jardim Itaipu, Foz do Igua\u00e7u, Paran\u00e1 &#8211; Brasil. Para mais informa\u00e7\u00f5es, acesse: https:\/\/sig.unila.edu.br\/sigaa\/link\/public\/extensao\/visualizacaoAcaoExtensao\/91793972<\/p>\n","protected":false},"author":24,"featured_media":0,"comment_status":"closed","ping_status":"open","sticky":false,"template":"","format":"standard","meta":{"footnotes":""},"categories":[42,51,43],"tags":[],"class_list":["post-7659","post","type-post","status-publish","format-standard","hentry","category-acao-de-extensao","category-direitos-humanos-e-justica","category-projeto"],"_links":{"self":[{"href":"https:\/\/divulga.unila.edu.br\/umapas\/index.php?rest_route=\/wp\/v2\/posts\/7659","targetHints":{"allow":["GET"]}}],"collection":[{"href":"https:\/\/divulga.unila.edu.br\/umapas\/index.php?rest_route=\/wp\/v2\/posts"}],"about":[{"href":"https:\/\/divulga.unila.edu.br\/umapas\/index.php?rest_route=\/wp\/v2\/types\/post"}],"author":[{"embeddable":true,"href":"https:\/\/divulga.unila.edu.br\/umapas\/index.php?rest_route=\/wp\/v2\/users\/24"}],"replies":[{"embeddable":true,"href":"https:\/\/divulga.unila.edu.br\/umapas\/index.php?rest_route=%2Fwp%2Fv2%2Fcomments&post=7659"}],"version-history":[{"count":1,"href":"https:\/\/divulga.unila.edu.br\/umapas\/index.php?rest_route=\/wp\/v2\/posts\/7659\/revisions"}],"predecessor-version":[{"id":7662,"href":"https:\/\/divulga.unila.edu.br\/umapas\/index.php?rest_route=\/wp\/v2\/posts\/7659\/revisions\/7662"}],"wp:attachment":[{"href":"https:\/\/divulga.unila.edu.br\/umapas\/index.php?rest_route=%2Fwp%2Fv2%2Fmedia&parent=7659"}],"wp:term":[{"taxonomy":"category","embeddable":true,"href":"https:\/\/divulga.unila.edu.br\/umapas\/index.php?rest_route=%2Fwp%2Fv2%2Fcategories&post=7659"},{"taxonomy":"post_tag","embeddable":true,"href":"https:\/\/divulga.unila.edu.br\/umapas\/index.php?rest_route=%2Fwp%2Fv2%2Ftags&post=7659"}],"curies":[{"name":"wp","href":"https:\/\/api.w.org\/{rel}","templated":true}]}}