{"id":7606,"date":"2021-07-05T12:38:55","date_gmt":"2021-07-05T15:38:55","guid":{"rendered":"https:\/\/unila.edu.br\/umapas\/?p=7606"},"modified":"2021-07-05T12:38:55","modified_gmt":"2021-07-05T15:38:55","slug":"manifestacoes-culturais-da-america-latina-por-uma-saude-humanizada-iv","status":"publish","type":"post","link":"https:\/\/divulga.unila.edu.br\/umapas\/?p=7606","title":{"rendered":"Manifesta\u00e7\u00f5es culturais da Am\u00e9rica Latina por uma sa\u00fade humanizada IV"},"content":{"rendered":"<p style=\"text-align: justify;\"><strong>Coordenador:<\/strong> Fidel Pascua Vilchez<\/p>\n<p style=\"text-align: justify;\"><strong>Contato:<\/strong> fidel.vilchez@unila.edu.br<\/p>\n<p><strong>Local de realiza\u00e7\u00e3o:<\/strong> Centro de Aten\u00e7\u00e3o Psicossocial \u00c1lcool e Drogas (CAPS AD Solidariedade) &#8211; Rua Vereador Moacir Pereira, 900, Vila Yolanda, Foz do Igua\u00e7u, Paran\u00e1 &#8211; Brasil.<\/p>\n<p><strong>Para mais informa\u00e7\u00f5es, acesse: <\/strong><a href=\"https:\/\/sig.unila.edu.br\/sigaa\/link\/public\/extensao\/visualizacaoAcaoExtensao\/91793930\" target=\"_blank\">https:\/\/sig.unila.edu.br\/sigaa\/link\/public\/extensao\/visualizacaoAcaoExtensao\/91793930<\/a><strong><br \/>\n<\/strong><\/p>\n","protected":false},"excerpt":{"rendered":"<p>Coordenador: Fidel Pascua Vilchez Contato: fidel.vilchez@unila.edu.br Local de realiza\u00e7\u00e3o: Centro de Aten\u00e7\u00e3o Psicossocial \u00c1lcool e Drogas (CAPS AD Solidariedade) &#8211; Rua Vereador Moacir Pereira, 900, Vila Yolanda, Foz do Igua\u00e7u, Paran\u00e1 &#8211; Brasil. Para mais informa\u00e7\u00f5es, acesse: https:\/\/sig.unila.edu.br\/sigaa\/link\/public\/extensao\/visualizacaoAcaoExtensao\/91793930<\/p>\n","protected":false},"author":24,"featured_media":0,"comment_status":"closed","ping_status":"open","sticky":false,"template":"","format":"standard","meta":{"footnotes":""},"categories":[42,56,43],"tags":[],"class_list":["post-7606","post","type-post","status-publish","format-standard","hentry","category-acao-de-extensao","category-inclusao-social","category-projeto"],"_links":{"self":[{"href":"https:\/\/divulga.unila.edu.br\/umapas\/index.php?rest_route=\/wp\/v2\/posts\/7606","targetHints":{"allow":["GET"]}}],"collection":[{"href":"https:\/\/divulga.unila.edu.br\/umapas\/index.php?rest_route=\/wp\/v2\/posts"}],"about":[{"href":"https:\/\/divulga.unila.edu.br\/umapas\/index.php?rest_route=\/wp\/v2\/types\/post"}],"author":[{"embeddable":true,"href":"https:\/\/divulga.unila.edu.br\/umapas\/index.php?rest_route=\/wp\/v2\/users\/24"}],"replies":[{"embeddable":true,"href":"https:\/\/divulga.unila.edu.br\/umapas\/index.php?rest_route=%2Fwp%2Fv2%2Fcomments&post=7606"}],"version-history":[{"count":1,"href":"https:\/\/divulga.unila.edu.br\/umapas\/index.php?rest_route=\/wp\/v2\/posts\/7606\/revisions"}],"predecessor-version":[{"id":7609,"href":"https:\/\/divulga.unila.edu.br\/umapas\/index.php?rest_route=\/wp\/v2\/posts\/7606\/revisions\/7609"}],"wp:attachment":[{"href":"https:\/\/divulga.unila.edu.br\/umapas\/index.php?rest_route=%2Fwp%2Fv2%2Fmedia&parent=7606"}],"wp:term":[{"taxonomy":"category","embeddable":true,"href":"https:\/\/divulga.unila.edu.br\/umapas\/index.php?rest_route=%2Fwp%2Fv2%2Fcategories&post=7606"},{"taxonomy":"post_tag","embeddable":true,"href":"https:\/\/divulga.unila.edu.br\/umapas\/index.php?rest_route=%2Fwp%2Fv2%2Ftags&post=7606"}],"curies":[{"name":"wp","href":"https:\/\/api.w.org\/{rel}","templated":true}]}}