{"id":7547,"date":"2021-07-05T08:32:07","date_gmt":"2021-07-05T11:32:07","guid":{"rendered":"https:\/\/unila.edu.br\/umapas\/?p=7547"},"modified":"2021-07-05T08:32:07","modified_gmt":"2021-07-05T11:32:07","slug":"integrando-a-unila-com-rodas-de-conversa-a-utilizacao-da-terapia-comunitaria-integrativa-tci-como-tecnologia-social-leve-para-melhoria-das-relacoes-interpessoais-e-sociais-auto-estima-empoderame-3","status":"publish","type":"post","link":"https:\/\/divulga.unila.edu.br\/umapas\/?p=7547","title":{"rendered":"Integrando a UNILA com Rodas de Conversa &#8211; A Utiliza\u00e7\u00e3o da Terapia Comunit\u00e1ria Integrativa (TCI) como Tecnologia Social Leve para melhoria das rela\u00e7\u00f5es interpessoais e sociais, auto-estima, empoderamento e sa\u00fade na comunidade acad\u00eamica e externa"},"content":{"rendered":"<p style=\"text-align: justify;\"><strong>Coordenador:<\/strong> Walfrido Kuhl Svoboda<\/p>\n<p style=\"text-align: justify;\"><strong>Contato:<\/strong> walfrido.svoboda@unila.edu.br<\/p>\n<p><strong>Local de realiza\u00e7\u00e3o:<\/strong> 9\u00aa Regional de Sa\u00fade &#8211; Secret\u00e1ria Estadual de Sa\u00fade &#8211; Rua Santos Dumont, 460, Centro, Foz do Igua\u00e7u, Paran\u00e1 &#8211; Brasil.<\/p>\n<p><strong>Para mais informa\u00e7\u00f5es, acesse: <\/strong><a href=\"https:\/\/sig.unila.edu.br\/sigaa\/link\/public\/extensao\/visualizacaoAcaoExtensao\/91794005\" target=\"_blank\">https:\/\/sig.unila.edu.br\/sigaa\/link\/public\/extensao\/visualizacaoAcaoExtensao\/91794005<\/a><strong><br \/>\n<\/strong><\/p>\n","protected":false},"excerpt":{"rendered":"<p>Coordenador: Walfrido Kuhl Svoboda Contato: walfrido.svoboda@unila.edu.br Local de realiza\u00e7\u00e3o: 9\u00aa Regional de Sa\u00fade &#8211; Secret\u00e1ria Estadual de Sa\u00fade &#8211; Rua Santos Dumont, 460, Centro, Foz do Igua\u00e7u, Paran\u00e1 &#8211; Brasil. Para mais informa\u00e7\u00f5es, acesse: https:\/\/sig.unila.edu.br\/sigaa\/link\/public\/extensao\/visualizacaoAcaoExtensao\/91794005<\/p>\n","protected":false},"author":2,"featured_media":0,"comment_status":"closed","ping_status":"open","sticky":false,"template":"","format":"standard","meta":{"footnotes":""},"categories":[42,43,54],"tags":[],"class_list":["post-7547","post","type-post","status-publish","format-standard","hentry","category-acao-de-extensao","category-projeto","category-saude"],"_links":{"self":[{"href":"https:\/\/divulga.unila.edu.br\/umapas\/index.php?rest_route=\/wp\/v2\/posts\/7547","targetHints":{"allow":["GET"]}}],"collection":[{"href":"https:\/\/divulga.unila.edu.br\/umapas\/index.php?rest_route=\/wp\/v2\/posts"}],"about":[{"href":"https:\/\/divulga.unila.edu.br\/umapas\/index.php?rest_route=\/wp\/v2\/types\/post"}],"author":[{"embeddable":true,"href":"https:\/\/divulga.unila.edu.br\/umapas\/index.php?rest_route=\/wp\/v2\/users\/2"}],"replies":[{"embeddable":true,"href":"https:\/\/divulga.unila.edu.br\/umapas\/index.php?rest_route=%2Fwp%2Fv2%2Fcomments&post=7547"}],"version-history":[{"count":1,"href":"https:\/\/divulga.unila.edu.br\/umapas\/index.php?rest_route=\/wp\/v2\/posts\/7547\/revisions"}],"predecessor-version":[{"id":7548,"href":"https:\/\/divulga.unila.edu.br\/umapas\/index.php?rest_route=\/wp\/v2\/posts\/7547\/revisions\/7548"}],"wp:attachment":[{"href":"https:\/\/divulga.unila.edu.br\/umapas\/index.php?rest_route=%2Fwp%2Fv2%2Fmedia&parent=7547"}],"wp:term":[{"taxonomy":"category","embeddable":true,"href":"https:\/\/divulga.unila.edu.br\/umapas\/index.php?rest_route=%2Fwp%2Fv2%2Fcategories&post=7547"},{"taxonomy":"post_tag","embeddable":true,"href":"https:\/\/divulga.unila.edu.br\/umapas\/index.php?rest_route=%2Fwp%2Fv2%2Ftags&post=7547"}],"curies":[{"name":"wp","href":"https:\/\/api.w.org\/{rel}","templated":true}]}}