{"id":753,"date":"2017-03-17T13:50:27","date_gmt":"2017-03-17T13:50:27","guid":{"rendered":"http:\/\/10.80.6.168\/wordpress.mapeamento\/?p=753"},"modified":"2017-09-06T18:15:42","modified_gmt":"2017-09-06T18:15:42","slug":"cotecoi-coletivo-teatral-contato-improvisacao-3","status":"publish","type":"post","link":"https:\/\/divulga.unila.edu.br\/umapas\/?p=753","title":{"rendered":"COTE&#8217;COI &#8211; Coletivo Teatral Contato-Improvisa\u00e7\u00e3o"},"content":{"rendered":"<p style=\"text-align: justify;\"><strong>Coordenador:<\/strong> Andr\u00e9 de Souza Macedo<\/p>\n<p style=\"text-align: justify;\"><strong>Contato:<\/strong> andre.macedo@unila.edu.br<\/p>\n<p><strong>Local de realiza\u00e7\u00e3o:<\/strong> Esquina Cultural \u2013 Rua Minas Gerais, 333, Vila Maracan\u00e3, Foz do Igua\u00e7u \u2013 PR. CEP: 85852-030 (2 de 7)<\/p>\n<p><strong>Para mais informa\u00e7\u00f5es, acesse:<\/strong> <a href=\"https:\/\/sig.unila.edu.br\/sigaa\/link\/public\/extensao\/visualizacaoAcaoExtensao\/91793671\" target=\"_blank\">https:\/\/sig.unila.edu.br\/sigaa\/link\/public\/extensao\/visualizacaoAcaoExtensao\/91793671<\/a><\/p>\n","protected":false},"excerpt":{"rendered":"<p>Coordenador: Andr\u00e9 de Souza Macedo Contato: andre.macedo@unila.edu.br Local de realiza\u00e7\u00e3o: Esquina Cultural \u2013 Rua Minas Gerais, 333, Vila Maracan\u00e3, Foz do Igua\u00e7u \u2013 PR. CEP: 85852-030 (2 de 7) Para mais informa\u00e7\u00f5es, acesse: https:\/\/sig.unila.edu.br\/sigaa\/link\/public\/extensao\/visualizacaoAcaoExtensao\/91793671<\/p>\n","protected":false},"author":2,"featured_media":0,"comment_status":"open","ping_status":"open","sticky":false,"template":"","format":"standard","meta":{"footnotes":""},"categories":[42,50,45],"tags":[],"class_list":["post-753","post","type-post","status-publish","format-standard","hentry","category-acao-de-extensao","category-cultura-e-artes","category-curso"],"_links":{"self":[{"href":"https:\/\/divulga.unila.edu.br\/umapas\/index.php?rest_route=\/wp\/v2\/posts\/753","targetHints":{"allow":["GET"]}}],"collection":[{"href":"https:\/\/divulga.unila.edu.br\/umapas\/index.php?rest_route=\/wp\/v2\/posts"}],"about":[{"href":"https:\/\/divulga.unila.edu.br\/umapas\/index.php?rest_route=\/wp\/v2\/types\/post"}],"author":[{"embeddable":true,"href":"https:\/\/divulga.unila.edu.br\/umapas\/index.php?rest_route=\/wp\/v2\/users\/2"}],"replies":[{"embeddable":true,"href":"https:\/\/divulga.unila.edu.br\/umapas\/index.php?rest_route=%2Fwp%2Fv2%2Fcomments&post=753"}],"version-history":[{"count":1,"href":"https:\/\/divulga.unila.edu.br\/umapas\/index.php?rest_route=\/wp\/v2\/posts\/753\/revisions"}],"predecessor-version":[{"id":754,"href":"https:\/\/divulga.unila.edu.br\/umapas\/index.php?rest_route=\/wp\/v2\/posts\/753\/revisions\/754"}],"wp:attachment":[{"href":"https:\/\/divulga.unila.edu.br\/umapas\/index.php?rest_route=%2Fwp%2Fv2%2Fmedia&parent=753"}],"wp:term":[{"taxonomy":"category","embeddable":true,"href":"https:\/\/divulga.unila.edu.br\/umapas\/index.php?rest_route=%2Fwp%2Fv2%2Fcategories&post=753"},{"taxonomy":"post_tag","embeddable":true,"href":"https:\/\/divulga.unila.edu.br\/umapas\/index.php?rest_route=%2Fwp%2Fv2%2Ftags&post=753"}],"curies":[{"name":"wp","href":"https:\/\/api.w.org\/{rel}","templated":true}]}}