{"id":745,"date":"2017-03-17T12:31:45","date_gmt":"2017-03-17T12:31:45","guid":{"rendered":"http:\/\/10.80.6.168\/wordpress.mapeamento\/?p=745"},"modified":"2017-09-06T18:23:42","modified_gmt":"2017-09-06T18:23:42","slug":"como-uma-luva-teatro-de-bonecos-um-instrumento-de-extensao-na-expressao-da-comunidade-ii-edicao","status":"publish","type":"post","link":"https:\/\/divulga.unila.edu.br\/umapas\/?p=745","title":{"rendered":"\u201cComo uma Luva\u201d Teatro de Bonecos &#8211; um instrumento de extens\u00e3o na express\u00e3o da comunidade &#8211; II Edi\u00e7\u00e3o"},"content":{"rendered":"<p style=\"text-align: justify;\"><strong>Coordenador:<\/strong> Andr\u00e9 de Souza Macedo<\/p>\n<p style=\"text-align: justify;\"><strong>Contato:<\/strong> andre.macedo@unila.edu.br<\/p>\n<p><strong>Local de realiza\u00e7\u00e3o:<\/strong> Esquina Cultural \u2013 Rua Minas Gerais, 333, Vila Maracan\u00e3, Foz do Igua\u00e7u \u2013 PR. CEP: 85852-030 (1 de 2)<\/p>\n<p><strong>Para mais informa\u00e7\u00f5es, acesse:<\/strong> <a href=\"https:\/\/sig.unila.edu.br\/sigaa\/link\/public\/extensao\/visualizacaoAcaoExtensao\/91793655\" target=\"_blank\">https:\/\/sig.unila.edu.br\/sigaa\/link\/public\/extensao\/visualizacaoAcaoExtensao\/91793655<\/a><\/p>\n","protected":false},"excerpt":{"rendered":"<p>Coordenador: Andr\u00e9 de Souza Macedo Contato: andre.macedo@unila.edu.br Local de realiza\u00e7\u00e3o: Esquina Cultural \u2013 Rua Minas Gerais, 333, Vila Maracan\u00e3, Foz do Igua\u00e7u \u2013 PR. CEP: 85852-030 (1 de 2) Para mais informa\u00e7\u00f5es, acesse: https:\/\/sig.unila.edu.br\/sigaa\/link\/public\/extensao\/visualizacaoAcaoExtensao\/91793655<\/p>\n","protected":false},"author":2,"featured_media":0,"comment_status":"open","ping_status":"open","sticky":false,"template":"","format":"standard","meta":{"footnotes":""},"categories":[42,50,45],"tags":[],"class_list":["post-745","post","type-post","status-publish","format-standard","hentry","category-acao-de-extensao","category-cultura-e-artes","category-curso"],"_links":{"self":[{"href":"https:\/\/divulga.unila.edu.br\/umapas\/index.php?rest_route=\/wp\/v2\/posts\/745","targetHints":{"allow":["GET"]}}],"collection":[{"href":"https:\/\/divulga.unila.edu.br\/umapas\/index.php?rest_route=\/wp\/v2\/posts"}],"about":[{"href":"https:\/\/divulga.unila.edu.br\/umapas\/index.php?rest_route=\/wp\/v2\/types\/post"}],"author":[{"embeddable":true,"href":"https:\/\/divulga.unila.edu.br\/umapas\/index.php?rest_route=\/wp\/v2\/users\/2"}],"replies":[{"embeddable":true,"href":"https:\/\/divulga.unila.edu.br\/umapas\/index.php?rest_route=%2Fwp%2Fv2%2Fcomments&post=745"}],"version-history":[{"count":1,"href":"https:\/\/divulga.unila.edu.br\/umapas\/index.php?rest_route=\/wp\/v2\/posts\/745\/revisions"}],"predecessor-version":[{"id":746,"href":"https:\/\/divulga.unila.edu.br\/umapas\/index.php?rest_route=\/wp\/v2\/posts\/745\/revisions\/746"}],"wp:attachment":[{"href":"https:\/\/divulga.unila.edu.br\/umapas\/index.php?rest_route=%2Fwp%2Fv2%2Fmedia&parent=745"}],"wp:term":[{"taxonomy":"category","embeddable":true,"href":"https:\/\/divulga.unila.edu.br\/umapas\/index.php?rest_route=%2Fwp%2Fv2%2Fcategories&post=745"},{"taxonomy":"post_tag","embeddable":true,"href":"https:\/\/divulga.unila.edu.br\/umapas\/index.php?rest_route=%2Fwp%2Fv2%2Ftags&post=745"}],"curies":[{"name":"wp","href":"https:\/\/api.w.org\/{rel}","templated":true}]}}