{"id":74,"date":"2016-04-12T21:50:21","date_gmt":"2016-04-12T21:50:21","guid":{"rendered":"http:\/\/10.80.6.168\/wordpress.mapeamento\/?p=74"},"modified":"2019-10-09T16:30:40","modified_gmt":"2019-10-09T16:30:40","slug":"pastoral-da-saude","status":"publish","type":"post","link":"https:\/\/divulga.unila.edu.br\/umapas\/?p=74","title":{"rendered":"Pastoral da Sa\u00fade"},"content":{"rendered":"<p style=\"text-align: justify;\">\u00c9 uma pastoral social da igreja cat\u00f3lica que realiza, entre outras atividades, visitas de preven\u00e7\u00e3o e acompanhamento de doen\u00e7as a resid\u00eancias, cursos sobre plantas medicinais e sess\u00f5es de acupuntura em locais pr\u00e9-determinados.<\/p>\n<p style=\"text-align: justify;\"><strong>P\u00fablico-alvo:<\/strong> comunidades carentes e acamados.<\/p>\n<p style=\"text-align: justify;\"><strong>Endere\u00e7o:<\/strong> Avenida Jorge Schimmelpfeng, 70, Centro, Foz do Igua\u00e7u, Paran\u00e1, Brasil. CEP: 85851-110.<\/p>\n<p style=\"text-align: justify;\"><strong>Contato:<\/strong> (45) 999370640 | cdpastoral@hotmail.com | <a href=\"https:\/\/www.facebook.com\/www.Pastoraldasaudefoz\/\" target=\"_blank\">https:\/\/www.facebook.com\/www.Pastoraldasaudefoz\/<\/a><\/p>\n<p style=\"text-align: justify;\"><strong>Demandas:<\/strong><span data-sheets-value=\"{&quot;1&quot;:2,&quot;2&quot;:&quot;Demanda de atividades voltadas para o p\u00fablico da terceira idade e cursos sobre plantas medicinais.&quot;}\" data-sheets-userformat=\"{&quot;2&quot;:12739,&quot;3&quot;:{&quot;1&quot;:0,&quot;3&quot;:1},&quot;4&quot;:{&quot;1&quot;:2,&quot;2&quot;:13369344},&quot;9&quot;:0,&quot;10&quot;:1,&quot;11&quot;:4,&quot;15&quot;:&quot;Comic Sans MS&quot;,&quot;16&quot;:12}\"> Atividades voltadas para o p\u00fablico da terceira idade e cursos sobre plantas medicinais.<\/span><\/p>\n","protected":false},"excerpt":{"rendered":"<p>\u00c9 uma pastoral social da igreja cat\u00f3lica que realiza, entre outras atividades, visitas de preven\u00e7\u00e3o e acompanhamento de doen\u00e7as a resid\u00eancias, cursos sobre plantas medicinais e sess\u00f5es de acupuntura em locais pr\u00e9-determinados. P\u00fablico-alvo: comunidades carentes e acamados. Endere\u00e7o: Avenida Jorge Schimmelpfeng, 70, Centro, Foz do Igua\u00e7u, Paran\u00e1, Brasil. CEP: 85851-110. Contato: (45) 999370640 | cdpastoral@hotmail.com [&hellip;]<\/p>\n","protected":false},"author":2,"featured_media":0,"comment_status":"closed","ping_status":"closed","sticky":false,"template":"","format":"standard","meta":{"footnotes":""},"categories":[41],"tags":[26,21,23,22],"class_list":["post-74","post","type-post","status-publish","format-standard","hentry","category-atores-sociais","tag-foz-do-iguacu","tag-pastoral-da-saude","tag-plantas-medicinais","tag-prevencao-de-doencas"],"_links":{"self":[{"href":"https:\/\/divulga.unila.edu.br\/umapas\/index.php?rest_route=\/wp\/v2\/posts\/74","targetHints":{"allow":["GET"]}}],"collection":[{"href":"https:\/\/divulga.unila.edu.br\/umapas\/index.php?rest_route=\/wp\/v2\/posts"}],"about":[{"href":"https:\/\/divulga.unila.edu.br\/umapas\/index.php?rest_route=\/wp\/v2\/types\/post"}],"author":[{"embeddable":true,"href":"https:\/\/divulga.unila.edu.br\/umapas\/index.php?rest_route=\/wp\/v2\/users\/2"}],"replies":[{"embeddable":true,"href":"https:\/\/divulga.unila.edu.br\/umapas\/index.php?rest_route=%2Fwp%2Fv2%2Fcomments&post=74"}],"version-history":[{"count":10,"href":"https:\/\/divulga.unila.edu.br\/umapas\/index.php?rest_route=\/wp\/v2\/posts\/74\/revisions"}],"predecessor-version":[{"id":2979,"href":"https:\/\/divulga.unila.edu.br\/umapas\/index.php?rest_route=\/wp\/v2\/posts\/74\/revisions\/2979"}],"wp:attachment":[{"href":"https:\/\/divulga.unila.edu.br\/umapas\/index.php?rest_route=%2Fwp%2Fv2%2Fmedia&parent=74"}],"wp:term":[{"taxonomy":"category","embeddable":true,"href":"https:\/\/divulga.unila.edu.br\/umapas\/index.php?rest_route=%2Fwp%2Fv2%2Fcategories&post=74"},{"taxonomy":"post_tag","embeddable":true,"href":"https:\/\/divulga.unila.edu.br\/umapas\/index.php?rest_route=%2Fwp%2Fv2%2Ftags&post=74"}],"curies":[{"name":"wp","href":"https:\/\/api.w.org\/{rel}","templated":true}]}}