{"id":733,"date":"2017-03-14T17:32:43","date_gmt":"2017-03-14T17:32:43","guid":{"rendered":"http:\/\/10.80.6.168\/wordpress.mapeamento\/?p=733"},"modified":"2017-09-06T18:25:02","modified_gmt":"2017-09-06T18:25:02","slug":"tekoha-guasu-museologia-social-atraves-da-educacao-patrimonial-na-educacao-publica","status":"publish","type":"post","link":"https:\/\/divulga.unila.edu.br\/umapas\/?p=733","title":{"rendered":"Tekoha Guasu &#8211; Museologia Social atrav\u00e9s da Educa\u00e7\u00e3o Patrimonial na Educa\u00e7\u00e3o P\u00fablica"},"content":{"rendered":"<p style=\"text-align: justify;\"><strong>Coordenadora:<\/strong> Let\u00edcia Oracilda Acosta Porto<\/p>\n<p style=\"text-align: justify;\"><strong>Contato:<\/strong> leticia.porto@unila.edu.br<\/p>\n<p><strong>Local de realiza\u00e7\u00e3o:<\/strong> Col\u00e9gio Estadual Bartolomeu Mitre &#8211; Avenida Jorge Schimmelpfeng, 351, Centro, Foz do Igua\u00e7u \u2013 PR. CEP: 85851-110<\/p>\n<p><strong>Para mais informa\u00e7\u00f5es, acesse:<\/strong> <a href=\"https:\/\/sig.unila.edu.br\/sigaa\/link\/public\/extensao\/visualizacaoAcaoExtensao\/91793779\" target=\"_blank\">https:\/\/sig.unila.edu.br\/sigaa\/link\/public\/extensao\/visualizacaoAcaoExtensao\/91793779<\/a><\/p>\n","protected":false},"excerpt":{"rendered":"<p>Coordenadora: Let\u00edcia Oracilda Acosta Porto Contato: leticia.porto@unila.edu.br Local de realiza\u00e7\u00e3o: Col\u00e9gio Estadual Bartolomeu Mitre &#8211; Avenida Jorge Schimmelpfeng, 351, Centro, Foz do Igua\u00e7u \u2013 PR. CEP: 85851-110 Para mais informa\u00e7\u00f5es, acesse: https:\/\/sig.unila.edu.br\/sigaa\/link\/public\/extensao\/visualizacaoAcaoExtensao\/91793779<\/p>\n","protected":false},"author":2,"featured_media":0,"comment_status":"open","ping_status":"open","sticky":false,"template":"","format":"standard","meta":{"footnotes":""},"categories":[42,52,43],"tags":[],"class_list":["post-733","post","type-post","status-publish","format-standard","hentry","category-acao-de-extensao","category-educacao-letras-e-linguas","category-projeto"],"_links":{"self":[{"href":"https:\/\/divulga.unila.edu.br\/umapas\/index.php?rest_route=\/wp\/v2\/posts\/733","targetHints":{"allow":["GET"]}}],"collection":[{"href":"https:\/\/divulga.unila.edu.br\/umapas\/index.php?rest_route=\/wp\/v2\/posts"}],"about":[{"href":"https:\/\/divulga.unila.edu.br\/umapas\/index.php?rest_route=\/wp\/v2\/types\/post"}],"author":[{"embeddable":true,"href":"https:\/\/divulga.unila.edu.br\/umapas\/index.php?rest_route=\/wp\/v2\/users\/2"}],"replies":[{"embeddable":true,"href":"https:\/\/divulga.unila.edu.br\/umapas\/index.php?rest_route=%2Fwp%2Fv2%2Fcomments&post=733"}],"version-history":[{"count":1,"href":"https:\/\/divulga.unila.edu.br\/umapas\/index.php?rest_route=\/wp\/v2\/posts\/733\/revisions"}],"predecessor-version":[{"id":734,"href":"https:\/\/divulga.unila.edu.br\/umapas\/index.php?rest_route=\/wp\/v2\/posts\/733\/revisions\/734"}],"wp:attachment":[{"href":"https:\/\/divulga.unila.edu.br\/umapas\/index.php?rest_route=%2Fwp%2Fv2%2Fmedia&parent=733"}],"wp:term":[{"taxonomy":"category","embeddable":true,"href":"https:\/\/divulga.unila.edu.br\/umapas\/index.php?rest_route=%2Fwp%2Fv2%2Fcategories&post=733"},{"taxonomy":"post_tag","embeddable":true,"href":"https:\/\/divulga.unila.edu.br\/umapas\/index.php?rest_route=%2Fwp%2Fv2%2Ftags&post=733"}],"curies":[{"name":"wp","href":"https:\/\/api.w.org\/{rel}","templated":true}]}}