{"id":705,"date":"2017-03-10T20:15:55","date_gmt":"2017-03-10T20:15:55","guid":{"rendered":"http:\/\/10.80.6.168\/wordpress.mapeamento\/?p=705"},"modified":"2017-09-06T18:28:56","modified_gmt":"2017-09-06T18:28:56","slug":"webradio-unila-integracao-via-ondas-sonoras","status":"publish","type":"post","link":"https:\/\/divulga.unila.edu.br\/umapas\/?p=705","title":{"rendered":"Webr\u00e1dio UNILA: integra\u00e7\u00e3o via ondas sonoras"},"content":{"rendered":"<p style=\"text-align: justify;\"><strong>Coordenador:<\/strong> Anderson Ant\u00f4nio Andreata<\/p>\n<p style=\"text-align: justify;\"><strong>Contato:<\/strong> anderson.andreata@gmail.com<\/p>\n<p><strong>Local de realiza\u00e7\u00e3o:<\/strong> UNILA Unidade Administrativa \u2013 Avenida S\u00edlvio Am\u00e9rico Sasdelli, 1842, Vila A, Foz do Igua\u00e7u, PR. CEP: 85866-000<\/p>\n<p><strong>Para mais informa\u00e7\u00f5es, acesse:<\/strong> <a href=\"https:\/\/sig.unila.edu.br\/sigaa\/link\/public\/extensao\/visualizacaoAcaoExtensao\/91793797\" target=\"_blank\">https:\/\/sig.unila.edu.br\/sigaa\/link\/public\/extensao\/visualizacaoAcaoExtensao\/91793797<\/a><\/p>\n","protected":false},"excerpt":{"rendered":"<p>Coordenador: Anderson Ant\u00f4nio Andreata Contato: anderson.andreata@gmail.com Local de realiza\u00e7\u00e3o: UNILA Unidade Administrativa \u2013 Avenida S\u00edlvio Am\u00e9rico Sasdelli, 1842, Vila A, Foz do Igua\u00e7u, PR. CEP: 85866-000 Para mais informa\u00e7\u00f5es, acesse: https:\/\/sig.unila.edu.br\/sigaa\/link\/public\/extensao\/visualizacaoAcaoExtensao\/91793797<\/p>\n","protected":false},"author":2,"featured_media":0,"comment_status":"open","ping_status":"open","sticky":false,"template":"","format":"standard","meta":{"footnotes":""},"categories":[42,49,43],"tags":[],"class_list":["post-705","post","type-post","status-publish","format-standard","hentry","category-acao-de-extensao","category-comunicacao","category-projeto"],"_links":{"self":[{"href":"https:\/\/divulga.unila.edu.br\/umapas\/index.php?rest_route=\/wp\/v2\/posts\/705","targetHints":{"allow":["GET"]}}],"collection":[{"href":"https:\/\/divulga.unila.edu.br\/umapas\/index.php?rest_route=\/wp\/v2\/posts"}],"about":[{"href":"https:\/\/divulga.unila.edu.br\/umapas\/index.php?rest_route=\/wp\/v2\/types\/post"}],"author":[{"embeddable":true,"href":"https:\/\/divulga.unila.edu.br\/umapas\/index.php?rest_route=\/wp\/v2\/users\/2"}],"replies":[{"embeddable":true,"href":"https:\/\/divulga.unila.edu.br\/umapas\/index.php?rest_route=%2Fwp%2Fv2%2Fcomments&post=705"}],"version-history":[{"count":1,"href":"https:\/\/divulga.unila.edu.br\/umapas\/index.php?rest_route=\/wp\/v2\/posts\/705\/revisions"}],"predecessor-version":[{"id":706,"href":"https:\/\/divulga.unila.edu.br\/umapas\/index.php?rest_route=\/wp\/v2\/posts\/705\/revisions\/706"}],"wp:attachment":[{"href":"https:\/\/divulga.unila.edu.br\/umapas\/index.php?rest_route=%2Fwp%2Fv2%2Fmedia&parent=705"}],"wp:term":[{"taxonomy":"category","embeddable":true,"href":"https:\/\/divulga.unila.edu.br\/umapas\/index.php?rest_route=%2Fwp%2Fv2%2Fcategories&post=705"},{"taxonomy":"post_tag","embeddable":true,"href":"https:\/\/divulga.unila.edu.br\/umapas\/index.php?rest_route=%2Fwp%2Fv2%2Ftags&post=705"}],"curies":[{"name":"wp","href":"https:\/\/api.w.org\/{rel}","templated":true}]}}