{"id":697,"date":"2017-03-10T19:03:11","date_gmt":"2017-03-10T19:03:11","guid":{"rendered":"http:\/\/10.80.6.168\/wordpress.mapeamento\/?p=697"},"modified":"2017-09-04T23:42:57","modified_gmt":"2017-09-04T23:42:57","slug":"reforco-de-matematica-para-o-ensino-medio","status":"publish","type":"post","link":"https:\/\/divulga.unila.edu.br\/umapas\/?p=697","title":{"rendered":"Refor\u00e7o de Matem\u00e1tica para o Ensino M\u00e9dio"},"content":{"rendered":"<p style=\"text-align: justify;\"><strong>Coordenadora:<\/strong> Priscila Gleden Novaes da Silva<\/p>\n<p style=\"text-align: justify;\"><strong>Contato:<\/strong> prigleden@hotmail.com<\/p>\n<p><strong>Local de realiza\u00e7\u00e3o:<\/strong> Col\u00e9gio Estadual Ayrton Senna da Silva &#8211; Rua Po\u00e7os de Caldas, 54, Jardim Lancaster, Foz do Igua\u00e7u \u2013 PR. CEP: 85869-570 (1 de 2)<\/p>\n<p><strong>Para mais informa\u00e7\u00f5es, acesse:<\/strong> <a href=\"https:\/\/sig.unila.edu.br\/sigaa\/link\/public\/extensao\/visualizacaoAcaoExtensao\/91793675\" target=\"_blank\">https:\/\/sig.unila.edu.br\/sigaa\/link\/public\/extensao\/visualizacaoAcaoExtensao\/91793675<\/a><\/p>\n","protected":false},"excerpt":{"rendered":"<p>Coordenadora: Priscila Gleden Novaes da Silva Contato: prigleden@hotmail.com Local de realiza\u00e7\u00e3o: Col\u00e9gio Estadual Ayrton Senna da Silva &#8211; Rua Po\u00e7os de Caldas, 54, Jardim Lancaster, Foz do Igua\u00e7u \u2013 PR. CEP: 85869-570 (1 de 2) Para mais informa\u00e7\u00f5es, acesse: https:\/\/sig.unila.edu.br\/sigaa\/link\/public\/extensao\/visualizacaoAcaoExtensao\/91793675<\/p>\n","protected":false},"author":2,"featured_media":0,"comment_status":"open","ping_status":"open","sticky":false,"template":"","format":"standard","meta":{"footnotes":""},"categories":[42,52,43],"tags":[],"class_list":["post-697","post","type-post","status-publish","format-standard","hentry","category-acao-de-extensao","category-educacao-letras-e-linguas","category-projeto"],"_links":{"self":[{"href":"https:\/\/divulga.unila.edu.br\/umapas\/index.php?rest_route=\/wp\/v2\/posts\/697","targetHints":{"allow":["GET"]}}],"collection":[{"href":"https:\/\/divulga.unila.edu.br\/umapas\/index.php?rest_route=\/wp\/v2\/posts"}],"about":[{"href":"https:\/\/divulga.unila.edu.br\/umapas\/index.php?rest_route=\/wp\/v2\/types\/post"}],"author":[{"embeddable":true,"href":"https:\/\/divulga.unila.edu.br\/umapas\/index.php?rest_route=\/wp\/v2\/users\/2"}],"replies":[{"embeddable":true,"href":"https:\/\/divulga.unila.edu.br\/umapas\/index.php?rest_route=%2Fwp%2Fv2%2Fcomments&post=697"}],"version-history":[{"count":3,"href":"https:\/\/divulga.unila.edu.br\/umapas\/index.php?rest_route=\/wp\/v2\/posts\/697\/revisions"}],"predecessor-version":[{"id":1356,"href":"https:\/\/divulga.unila.edu.br\/umapas\/index.php?rest_route=\/wp\/v2\/posts\/697\/revisions\/1356"}],"wp:attachment":[{"href":"https:\/\/divulga.unila.edu.br\/umapas\/index.php?rest_route=%2Fwp%2Fv2%2Fmedia&parent=697"}],"wp:term":[{"taxonomy":"category","embeddable":true,"href":"https:\/\/divulga.unila.edu.br\/umapas\/index.php?rest_route=%2Fwp%2Fv2%2Fcategories&post=697"},{"taxonomy":"post_tag","embeddable":true,"href":"https:\/\/divulga.unila.edu.br\/umapas\/index.php?rest_route=%2Fwp%2Fv2%2Ftags&post=697"}],"curies":[{"name":"wp","href":"https:\/\/api.w.org\/{rel}","templated":true}]}}