{"id":691,"date":"2017-03-07T20:12:23","date_gmt":"2017-03-07T20:12:23","guid":{"rendered":"http:\/\/10.80.6.168\/wordpress.mapeamento\/?p=691"},"modified":"2017-09-06T18:31:30","modified_gmt":"2017-09-06T18:31:30","slug":"prestacao-de-servicos-juridicos-a-micro-e-pequenos-empreendedores-atendidos-pelo-sebrae","status":"publish","type":"post","link":"https:\/\/divulga.unila.edu.br\/umapas\/?p=691","title":{"rendered":"Presta\u00e7\u00e3o de Servi\u00e7os Jur\u00eddicos a Micro e Pequenos Empreendedores Atendidos pelo SEBRAE"},"content":{"rendered":"<p style=\"text-align: justify;\"><strong>Coordenador:<\/strong> Rodne de Oliveira Lima<\/p>\n<p style=\"text-align: justify;\"><strong>Contato:<\/strong> rodne.lima@unila.edu.br<\/p>\n<p><strong>Local de realiza\u00e7\u00e3o:<\/strong> SEBRAE Foz do Igua\u00e7u &#8211; Rua das Guianas, 151, Jardim Am\u00e9rica, Foz do Igua\u00e7u \u2013 PR. CEP: 85864-470<\/p>\n<p><strong>Para mais informa\u00e7\u00f5es, acesse:<\/strong>\u00a0<a href=\"https:\/\/sig.unila.edu.br\/sigaa\/link\/public\/extensao\/visualizacaoAcaoExtensao\/91793803\" target=\"_blank\">https:\/\/sig.unila.edu.br\/sigaa\/link\/public\/extensao\/visualizacaoAcaoExtensao\/91793803<\/a><\/p>\n","protected":false},"excerpt":{"rendered":"<p>Coordenador: Rodne de Oliveira Lima Contato: rodne.lima@unila.edu.br Local de realiza\u00e7\u00e3o: SEBRAE Foz do Igua\u00e7u &#8211; Rua das Guianas, 151, Jardim Am\u00e9rica, Foz do Igua\u00e7u \u2013 PR. CEP: 85864-470 Para mais informa\u00e7\u00f5es, acesse:\u00a0https:\/\/sig.unila.edu.br\/sigaa\/link\/public\/extensao\/visualizacaoAcaoExtensao\/91793803<\/p>\n","protected":false},"author":2,"featured_media":0,"comment_status":"open","ping_status":"open","sticky":false,"template":"","format":"standard","meta":{"footnotes":""},"categories":[42,51,43],"tags":[],"class_list":["post-691","post","type-post","status-publish","format-standard","hentry","category-acao-de-extensao","category-direitos-humanos-e-justica","category-projeto"],"_links":{"self":[{"href":"https:\/\/divulga.unila.edu.br\/umapas\/index.php?rest_route=\/wp\/v2\/posts\/691","targetHints":{"allow":["GET"]}}],"collection":[{"href":"https:\/\/divulga.unila.edu.br\/umapas\/index.php?rest_route=\/wp\/v2\/posts"}],"about":[{"href":"https:\/\/divulga.unila.edu.br\/umapas\/index.php?rest_route=\/wp\/v2\/types\/post"}],"author":[{"embeddable":true,"href":"https:\/\/divulga.unila.edu.br\/umapas\/index.php?rest_route=\/wp\/v2\/users\/2"}],"replies":[{"embeddable":true,"href":"https:\/\/divulga.unila.edu.br\/umapas\/index.php?rest_route=%2Fwp%2Fv2%2Fcomments&post=691"}],"version-history":[{"count":1,"href":"https:\/\/divulga.unila.edu.br\/umapas\/index.php?rest_route=\/wp\/v2\/posts\/691\/revisions"}],"predecessor-version":[{"id":692,"href":"https:\/\/divulga.unila.edu.br\/umapas\/index.php?rest_route=\/wp\/v2\/posts\/691\/revisions\/692"}],"wp:attachment":[{"href":"https:\/\/divulga.unila.edu.br\/umapas\/index.php?rest_route=%2Fwp%2Fv2%2Fmedia&parent=691"}],"wp:term":[{"taxonomy":"category","embeddable":true,"href":"https:\/\/divulga.unila.edu.br\/umapas\/index.php?rest_route=%2Fwp%2Fv2%2Fcategories&post=691"},{"taxonomy":"post_tag","embeddable":true,"href":"https:\/\/divulga.unila.edu.br\/umapas\/index.php?rest_route=%2Fwp%2Fv2%2Ftags&post=691"}],"curies":[{"name":"wp","href":"https:\/\/api.w.org\/{rel}","templated":true}]}}