{"id":683,"date":"2017-03-07T19:13:05","date_gmt":"2017-03-07T19:13:05","guid":{"rendered":"http:\/\/10.80.6.168\/wordpress.mapeamento\/?p=683"},"modified":"2017-09-06T18:32:31","modified_gmt":"2017-09-06T18:32:31","slug":"politicas-linguisticas-e-povos-originarios-da-america-latina","status":"publish","type":"post","link":"https:\/\/divulga.unila.edu.br\/umapas\/?p=683","title":{"rendered":"Pol\u00edticas Lingu\u00edsticas e Povos Origin\u00e1rios da Am\u00e9rica Latina"},"content":{"rendered":"<p style=\"text-align: justify;\"><strong>Coordenadora:<\/strong> Jorgelina Ivana Tallei<\/p>\n<p style=\"text-align: justify;\"><strong>Contato:<\/strong> jorgelina.tallei@unila.edu.br<\/p>\n<p><strong>Local de realiza\u00e7\u00e3o:<\/strong> N\u00facleo de Tecnologia Educacional Municipal de Foz do Igua\u00e7u \u2013 Avenida Tancredo Neves, 6731, PTI, bloco 8, Foz do Igua\u00e7u \u2013 PR. CEP: 85867-900<\/p>\n<p><strong>Para mais informa\u00e7\u00f5es, acesse:<\/strong> <a href=\"https:\/\/sig.unila.edu.br\/sigaa\/link\/public\/extensao\/visualizacaoAcaoExtensao\/91793633\" target=\"_blank\">https:\/\/sig.unila.edu.br\/sigaa\/link\/public\/extensao\/visualizacaoAcaoExtensao\/91793633<\/a><\/p>\n","protected":false},"excerpt":{"rendered":"<p>Coordenadora: Jorgelina Ivana Tallei Contato: jorgelina.tallei@unila.edu.br Local de realiza\u00e7\u00e3o: N\u00facleo de Tecnologia Educacional Municipal de Foz do Igua\u00e7u \u2013 Avenida Tancredo Neves, 6731, PTI, bloco 8, Foz do Igua\u00e7u \u2013 PR. CEP: 85867-900 Para mais informa\u00e7\u00f5es, acesse: https:\/\/sig.unila.edu.br\/sigaa\/link\/public\/extensao\/visualizacaoAcaoExtensao\/91793633<\/p>\n","protected":false},"author":2,"featured_media":0,"comment_status":"open","ping_status":"open","sticky":false,"template":"","format":"standard","meta":{"footnotes":""},"categories":[42,52,43],"tags":[],"class_list":["post-683","post","type-post","status-publish","format-standard","hentry","category-acao-de-extensao","category-educacao-letras-e-linguas","category-projeto"],"_links":{"self":[{"href":"https:\/\/divulga.unila.edu.br\/umapas\/index.php?rest_route=\/wp\/v2\/posts\/683","targetHints":{"allow":["GET"]}}],"collection":[{"href":"https:\/\/divulga.unila.edu.br\/umapas\/index.php?rest_route=\/wp\/v2\/posts"}],"about":[{"href":"https:\/\/divulga.unila.edu.br\/umapas\/index.php?rest_route=\/wp\/v2\/types\/post"}],"author":[{"embeddable":true,"href":"https:\/\/divulga.unila.edu.br\/umapas\/index.php?rest_route=\/wp\/v2\/users\/2"}],"replies":[{"embeddable":true,"href":"https:\/\/divulga.unila.edu.br\/umapas\/index.php?rest_route=%2Fwp%2Fv2%2Fcomments&post=683"}],"version-history":[{"count":3,"href":"https:\/\/divulga.unila.edu.br\/umapas\/index.php?rest_route=\/wp\/v2\/posts\/683\/revisions"}],"predecessor-version":[{"id":1003,"href":"https:\/\/divulga.unila.edu.br\/umapas\/index.php?rest_route=\/wp\/v2\/posts\/683\/revisions\/1003"}],"wp:attachment":[{"href":"https:\/\/divulga.unila.edu.br\/umapas\/index.php?rest_route=%2Fwp%2Fv2%2Fmedia&parent=683"}],"wp:term":[{"taxonomy":"category","embeddable":true,"href":"https:\/\/divulga.unila.edu.br\/umapas\/index.php?rest_route=%2Fwp%2Fv2%2Fcategories&post=683"},{"taxonomy":"post_tag","embeddable":true,"href":"https:\/\/divulga.unila.edu.br\/umapas\/index.php?rest_route=%2Fwp%2Fv2%2Ftags&post=683"}],"curies":[{"name":"wp","href":"https:\/\/api.w.org\/{rel}","templated":true}]}}