{"id":6768,"date":"2021-06-29T12:09:45","date_gmt":"2021-06-29T15:09:45","guid":{"rendered":"https:\/\/unila.edu.br\/umapas\/?p=6768"},"modified":"2021-06-29T12:09:45","modified_gmt":"2021-06-29T15:09:45","slug":"nucleo-de-orientacao-sobre-revalidacao-e-reconhecimento-de-diplomas-de-ensino-medio-e-ensino-superior-3","status":"publish","type":"post","link":"https:\/\/divulga.unila.edu.br\/umapas\/?p=6768","title":{"rendered":"N\u00facleo de Orienta\u00e7\u00e3o sobre Revalida\u00e7\u00e3o e Reconhecimento de Diplomas de Ensino M\u00e9dio e Ensino Superior"},"content":{"rendered":"<p style=\"text-align: justify;\"><strong>Coordenadora:<\/strong> Paula Daniela Fernandez<\/p>\n<p style=\"text-align: justify;\"><strong>Contato:<\/strong> paula.fernandez@unila.edu.br<\/p>\n<p><strong>Local de realiza\u00e7\u00e3o:<\/strong> UNILA Campus PTI &#8211; Parque Tecnol\u00f3gico Itaipu &#8211; Avenida Tancredo Neves, 6731, Jardim Itaipu, Foz do Igua\u00e7u, Paran\u00e1 &#8211; Brasil.<\/p>\n<p><strong>Para mais informa\u00e7\u00f5es, acesse: <\/strong><a href=\"https:\/\/sig.unila.edu.br\/sigaa\/link\/public\/extensao\/visualizacaoAcaoExtensao\/91794806\" target=\"_blank\">https:\/\/sig.unila.edu.br\/sigaa\/link\/public\/extensao\/visualizacaoAcaoExtensao\/91794806<\/a><strong><br \/>\n<\/strong><\/p>\n","protected":false},"excerpt":{"rendered":"<p>Coordenadora: Paula Daniela Fernandez Contato: paula.fernandez@unila.edu.br Local de realiza\u00e7\u00e3o: UNILA Campus PTI &#8211; Parque Tecnol\u00f3gico Itaipu &#8211; Avenida Tancredo Neves, 6731, Jardim Itaipu, Foz do Igua\u00e7u, Paran\u00e1 &#8211; Brasil. Para mais informa\u00e7\u00f5es, acesse: https:\/\/sig.unila.edu.br\/sigaa\/link\/public\/extensao\/visualizacaoAcaoExtensao\/91794806<\/p>\n","protected":false},"author":24,"featured_media":0,"comment_status":"closed","ping_status":"open","sticky":false,"template":"","format":"standard","meta":{"footnotes":""},"categories":[42,52,43],"tags":[],"class_list":["post-6768","post","type-post","status-publish","format-standard","hentry","category-acao-de-extensao","category-educacao-letras-e-linguas","category-projeto"],"_links":{"self":[{"href":"https:\/\/divulga.unila.edu.br\/umapas\/index.php?rest_route=\/wp\/v2\/posts\/6768","targetHints":{"allow":["GET"]}}],"collection":[{"href":"https:\/\/divulga.unila.edu.br\/umapas\/index.php?rest_route=\/wp\/v2\/posts"}],"about":[{"href":"https:\/\/divulga.unila.edu.br\/umapas\/index.php?rest_route=\/wp\/v2\/types\/post"}],"author":[{"embeddable":true,"href":"https:\/\/divulga.unila.edu.br\/umapas\/index.php?rest_route=\/wp\/v2\/users\/24"}],"replies":[{"embeddable":true,"href":"https:\/\/divulga.unila.edu.br\/umapas\/index.php?rest_route=%2Fwp%2Fv2%2Fcomments&post=6768"}],"version-history":[{"count":1,"href":"https:\/\/divulga.unila.edu.br\/umapas\/index.php?rest_route=\/wp\/v2\/posts\/6768\/revisions"}],"predecessor-version":[{"id":6771,"href":"https:\/\/divulga.unila.edu.br\/umapas\/index.php?rest_route=\/wp\/v2\/posts\/6768\/revisions\/6771"}],"wp:attachment":[{"href":"https:\/\/divulga.unila.edu.br\/umapas\/index.php?rest_route=%2Fwp%2Fv2%2Fmedia&parent=6768"}],"wp:term":[{"taxonomy":"category","embeddable":true,"href":"https:\/\/divulga.unila.edu.br\/umapas\/index.php?rest_route=%2Fwp%2Fv2%2Fcategories&post=6768"},{"taxonomy":"post_tag","embeddable":true,"href":"https:\/\/divulga.unila.edu.br\/umapas\/index.php?rest_route=%2Fwp%2Fv2%2Ftags&post=6768"}],"curies":[{"name":"wp","href":"https:\/\/api.w.org\/{rel}","templated":true}]}}