{"id":67,"date":"2016-04-12T20:58:43","date_gmt":"2016-04-12T20:58:43","guid":{"rendered":"http:\/\/10.80.6.168\/wordpress.mapeamento\/?p=67"},"modified":"2023-03-13T11:43:06","modified_gmt":"2023-03-13T14:43:06","slug":"pastoral-da-mobilidade-humana","status":"publish","type":"post","link":"https:\/\/divulga.unila.edu.br\/umapas\/?p=67","title":{"rendered":"Pastoral da Mobilidade Humana"},"content":{"rendered":"<p style=\"text-align: justify;\"><a href=\"https:\/\/unila.edu.br\/umapas\/wp-content\/uploads\/2023\/03\/pastoral-da-mobilidade-humana-sede.png\" rel=\"attachment wp-att-14960\"><img loading=\"lazy\" decoding=\"async\" class=\"aligncenter size-full wp-image-14960\" src=\"https:\/\/unila.edu.br\/umapas\/wp-content\/uploads\/2023\/03\/pastoral-da-mobilidade-humana-sede.png\" alt=\"Sede da Pastoral da Mobilidade Humana\" width=\"529\" height=\"533\" srcset=\"https:\/\/divulga.unila.edu.br\/umapas\/wp-content\/uploads\/2023\/03\/pastoral-da-mobilidade-humana-sede.png 529w, https:\/\/divulga.unila.edu.br\/umapas\/wp-content\/uploads\/2023\/03\/pastoral-da-mobilidade-humana-sede-150x150.png 150w, https:\/\/divulga.unila.edu.br\/umapas\/wp-content\/uploads\/2023\/03\/pastoral-da-mobilidade-humana-sede-298x300.png 298w\" sizes=\"auto, (max-width: 529px) 100vw, 529px\" \/><\/a><\/p>\n<p style=\"text-align: justify;\">\n<p style=\"text-align: justify;\">\u00c9 uma pastoral social da igreja cat\u00f3lica que atua, conjuntamente, com a Casa do Migrante. Presta atendimento a migrantes e imigrantes de diferentes nacionalidades que buscam trabalho e promove acolhida, orienta\u00e7\u00e3o e encaminhamento para a obten\u00e7\u00e3o de documentos, de acordo com as necessidades apresentadas por cada trabalhador.<\/p>\n<p style=\"text-align: justify;\"><strong>P\u00fablico-alvo:<\/strong> migrantes e imigrantes.<\/p>\n<p style=\"text-align: justify;\"><strong>Endere\u00e7o:<\/strong> Travessa Sergipe, 68, Maracan\u00e3, Foz do Igua\u00e7u, Paran\u00e1, Brasil. CEP: 85852-230.<\/p>\n<p style=\"text-align: justify;\"><strong>Contato:<\/strong> (45) 35745706 | paroquia_sp@hotmail.com<\/p>\n<p style=\"text-align: justify;\"><strong>Demandas:<\/strong> Atua\u00e7\u00e3o da UNILA nas periferias de Foz do Igua\u00e7u, com atividades voltadas para o p\u00fablico jovem, principalmente na \u00e1rea de sa\u00fade.<\/p>\n","protected":false},"excerpt":{"rendered":"<p>\u00c9 uma pastoral social da igreja cat\u00f3lica que atua, conjuntamente, com a Casa do Migrante. Presta atendimento a migrantes e imigrantes de diferentes nacionalidades que buscam trabalho e promove acolhida, orienta\u00e7\u00e3o e encaminhamento para a obten\u00e7\u00e3o de documentos, de acordo com as necessidades apresentadas por cada trabalhador. P\u00fablico-alvo: migrantes e imigrantes. Endere\u00e7o: Travessa Sergipe, 68, [&hellip;]<\/p>\n","protected":false},"author":2,"featured_media":0,"comment_status":"closed","ping_status":"closed","sticky":false,"template":"","format":"standard","meta":{"footnotes":""},"categories":[41],"tags":[11,26,15,10],"class_list":["post-67","post","type-post","status-publish","format-standard","hentry","category-atores-sociais","tag-documentos","tag-foz-do-iguacu","tag-pastoral-da-mobilidade-humana","tag-trabalho"],"_links":{"self":[{"href":"https:\/\/divulga.unila.edu.br\/umapas\/index.php?rest_route=\/wp\/v2\/posts\/67","targetHints":{"allow":["GET"]}}],"collection":[{"href":"https:\/\/divulga.unila.edu.br\/umapas\/index.php?rest_route=\/wp\/v2\/posts"}],"about":[{"href":"https:\/\/divulga.unila.edu.br\/umapas\/index.php?rest_route=\/wp\/v2\/types\/post"}],"author":[{"embeddable":true,"href":"https:\/\/divulga.unila.edu.br\/umapas\/index.php?rest_route=\/wp\/v2\/users\/2"}],"replies":[{"embeddable":true,"href":"https:\/\/divulga.unila.edu.br\/umapas\/index.php?rest_route=%2Fwp%2Fv2%2Fcomments&post=67"}],"version-history":[{"count":8,"href":"https:\/\/divulga.unila.edu.br\/umapas\/index.php?rest_route=\/wp\/v2\/posts\/67\/revisions"}],"predecessor-version":[{"id":14961,"href":"https:\/\/divulga.unila.edu.br\/umapas\/index.php?rest_route=\/wp\/v2\/posts\/67\/revisions\/14961"}],"wp:attachment":[{"href":"https:\/\/divulga.unila.edu.br\/umapas\/index.php?rest_route=%2Fwp%2Fv2%2Fmedia&parent=67"}],"wp:term":[{"taxonomy":"category","embeddable":true,"href":"https:\/\/divulga.unila.edu.br\/umapas\/index.php?rest_route=%2Fwp%2Fv2%2Fcategories&post=67"},{"taxonomy":"post_tag","embeddable":true,"href":"https:\/\/divulga.unila.edu.br\/umapas\/index.php?rest_route=%2Fwp%2Fv2%2Ftags&post=67"}],"curies":[{"name":"wp","href":"https:\/\/api.w.org\/{rel}","templated":true}]}}