{"id":6661,"date":"2021-12-14T18:16:03","date_gmt":"2021-12-14T21:16:03","guid":{"rendered":"https:\/\/unila.edu.br\/umapas\/?p=6661"},"modified":"2021-12-14T18:16:03","modified_gmt":"2021-12-14T21:16:03","slug":"emprego-dos-conceitos-de-eficiencia-energetica-na-rede-de-ensino-publico-de-nivel-medio-no-municipio-de-foz-do-iguacu-pr-2","status":"publish","type":"post","link":"https:\/\/divulga.unila.edu.br\/umapas\/?p=6661","title":{"rendered":"Emprego dos conceitos de Efici\u00eancia Energ\u00e9tica na Rede de Ensino P\u00fablico de N\u00edvel M\u00e9dio no munic\u00edpio de Foz do Igua\u00e7u, PR"},"content":{"rendered":"<p style=\"text-align: justify;\"><strong>Coordenador:<\/strong> Henrique Cesar Almeida<\/p>\n<p style=\"text-align: justify;\"><strong>Contato:<\/strong> henrique.almeida@unila.edu.br<\/p>\n<p><strong>Local de realiza\u00e7\u00e3o:<\/strong> Col\u00e9gio Adventista de Foz do Igua\u00e7u &#8211; Avenida Rep\u00fablica Argentina, 530, Jardim Tarob\u00e1, Foz do Igua\u00e7u, Paran\u00e1 &#8211; Brasil.<\/p>\n<p><strong>Para mais informa\u00e7\u00f5es, acesse: <\/strong><a href=\"https:\/\/sig.unila.edu.br\/sigaa\/link\/public\/extensao\/visualizacaoAcaoExtensao\/91794784\" target=\"_blank\">https:\/\/sig.unila.edu.br\/sigaa\/link\/public\/extensao\/visualizacaoAcaoExtensao\/91794784<\/a><strong><br \/>\n<\/strong><\/p>\n","protected":false},"excerpt":{"rendered":"<p>Coordenador: Henrique Cesar Almeida Contato: henrique.almeida@unila.edu.br Local de realiza\u00e7\u00e3o: Col\u00e9gio Adventista de Foz do Igua\u00e7u &#8211; Avenida Rep\u00fablica Argentina, 530, Jardim Tarob\u00e1, Foz do Igua\u00e7u, Paran\u00e1 &#8211; Brasil. Para mais informa\u00e7\u00f5es, acesse: https:\/\/sig.unila.edu.br\/sigaa\/link\/public\/extensao\/visualizacaoAcaoExtensao\/91794784<\/p>\n","protected":false},"author":24,"featured_media":0,"comment_status":"closed","ping_status":"open","sticky":false,"template":"","format":"standard","meta":{"footnotes":""},"categories":[42,53,43],"tags":[],"class_list":["post-6661","post","type-post","status-publish","format-standard","hentry","category-acao-de-extensao","category-meio-ambiente","category-projeto"],"_links":{"self":[{"href":"https:\/\/divulga.unila.edu.br\/umapas\/index.php?rest_route=\/wp\/v2\/posts\/6661","targetHints":{"allow":["GET"]}}],"collection":[{"href":"https:\/\/divulga.unila.edu.br\/umapas\/index.php?rest_route=\/wp\/v2\/posts"}],"about":[{"href":"https:\/\/divulga.unila.edu.br\/umapas\/index.php?rest_route=\/wp\/v2\/types\/post"}],"author":[{"embeddable":true,"href":"https:\/\/divulga.unila.edu.br\/umapas\/index.php?rest_route=\/wp\/v2\/users\/24"}],"replies":[{"embeddable":true,"href":"https:\/\/divulga.unila.edu.br\/umapas\/index.php?rest_route=%2Fwp%2Fv2%2Fcomments&post=6661"}],"version-history":[{"count":1,"href":"https:\/\/divulga.unila.edu.br\/umapas\/index.php?rest_route=\/wp\/v2\/posts\/6661\/revisions"}],"predecessor-version":[{"id":6664,"href":"https:\/\/divulga.unila.edu.br\/umapas\/index.php?rest_route=\/wp\/v2\/posts\/6661\/revisions\/6664"}],"wp:attachment":[{"href":"https:\/\/divulga.unila.edu.br\/umapas\/index.php?rest_route=%2Fwp%2Fv2%2Fmedia&parent=6661"}],"wp:term":[{"taxonomy":"category","embeddable":true,"href":"https:\/\/divulga.unila.edu.br\/umapas\/index.php?rest_route=%2Fwp%2Fv2%2Fcategories&post=6661"},{"taxonomy":"post_tag","embeddable":true,"href":"https:\/\/divulga.unila.edu.br\/umapas\/index.php?rest_route=%2Fwp%2Fv2%2Ftags&post=6661"}],"curies":[{"name":"wp","href":"https:\/\/api.w.org\/{rel}","templated":true}]}}