{"id":665,"date":"2017-03-07T18:08:26","date_gmt":"2017-03-07T18:08:26","guid":{"rendered":"http:\/\/10.80.6.168\/wordpress.mapeamento\/?p=665"},"modified":"2017-09-06T18:34:46","modified_gmt":"2017-09-06T18:34:46","slug":"manifestacoes-culturais-da-america-latina-por-uma-saude-humanizada-iii","status":"publish","type":"post","link":"https:\/\/divulga.unila.edu.br\/umapas\/?p=665","title":{"rendered":"Manifesta\u00e7\u00f5es culturais da Am\u00e9rica Latina por uma sa\u00fade humanizada III"},"content":{"rendered":"<p style=\"text-align: justify;\"><strong>Coordenador:<\/strong> Fidel Pascua V\u00edlchez<\/p>\n<p style=\"text-align: justify;\"><strong>Contato:<\/strong> fidel.vilchez@unila.edu.br<\/p>\n<p><strong>Local de realiza\u00e7\u00e3o:<\/strong> Centro de Aten\u00e7\u00e3o Psicossocial \u00c1lcool e Drogas &#8211; Rua Vereador Moacir Pereira, 900, Vila Yolanda, Foz do Igua\u00e7u \u2013 PR. CEP: 85853-250<\/p>\n<p><strong>Para mais informa\u00e7\u00f5es, acesse:<\/strong> <a href=\"https:\/\/sig.unila.edu.br\/sigaa\/link\/public\/extensao\/visualizacaoAcaoExtensao\/91793614\" target=\"_blank\">https:\/\/sig.unila.edu.br\/sigaa\/link\/public\/extensao\/visualizacaoAcaoExtensao\/91793614<\/a><\/p>\n","protected":false},"excerpt":{"rendered":"<p>Coordenador: Fidel Pascua V\u00edlchez Contato: fidel.vilchez@unila.edu.br Local de realiza\u00e7\u00e3o: Centro de Aten\u00e7\u00e3o Psicossocial \u00c1lcool e Drogas &#8211; Rua Vereador Moacir Pereira, 900, Vila Yolanda, Foz do Igua\u00e7u \u2013 PR. CEP: 85853-250 Para mais informa\u00e7\u00f5es, acesse: https:\/\/sig.unila.edu.br\/sigaa\/link\/public\/extensao\/visualizacaoAcaoExtensao\/91793614<\/p>\n","protected":false},"author":2,"featured_media":0,"comment_status":"open","ping_status":"open","sticky":false,"template":"","format":"standard","meta":{"footnotes":""},"categories":[42,56,43],"tags":[],"class_list":["post-665","post","type-post","status-publish","format-standard","hentry","category-acao-de-extensao","category-inclusao-social","category-projeto"],"_links":{"self":[{"href":"https:\/\/divulga.unila.edu.br\/umapas\/index.php?rest_route=\/wp\/v2\/posts\/665","targetHints":{"allow":["GET"]}}],"collection":[{"href":"https:\/\/divulga.unila.edu.br\/umapas\/index.php?rest_route=\/wp\/v2\/posts"}],"about":[{"href":"https:\/\/divulga.unila.edu.br\/umapas\/index.php?rest_route=\/wp\/v2\/types\/post"}],"author":[{"embeddable":true,"href":"https:\/\/divulga.unila.edu.br\/umapas\/index.php?rest_route=\/wp\/v2\/users\/2"}],"replies":[{"embeddable":true,"href":"https:\/\/divulga.unila.edu.br\/umapas\/index.php?rest_route=%2Fwp%2Fv2%2Fcomments&post=665"}],"version-history":[{"count":3,"href":"https:\/\/divulga.unila.edu.br\/umapas\/index.php?rest_route=\/wp\/v2\/posts\/665\/revisions"}],"predecessor-version":[{"id":963,"href":"https:\/\/divulga.unila.edu.br\/umapas\/index.php?rest_route=\/wp\/v2\/posts\/665\/revisions\/963"}],"wp:attachment":[{"href":"https:\/\/divulga.unila.edu.br\/umapas\/index.php?rest_route=%2Fwp%2Fv2%2Fmedia&parent=665"}],"wp:term":[{"taxonomy":"category","embeddable":true,"href":"https:\/\/divulga.unila.edu.br\/umapas\/index.php?rest_route=%2Fwp%2Fv2%2Fcategories&post=665"},{"taxonomy":"post_tag","embeddable":true,"href":"https:\/\/divulga.unila.edu.br\/umapas\/index.php?rest_route=%2Fwp%2Fv2%2Ftags&post=665"}],"curies":[{"name":"wp","href":"https:\/\/api.w.org\/{rel}","templated":true}]}}