{"id":6626,"date":"2021-06-28T10:45:36","date_gmt":"2021-06-28T13:45:36","guid":{"rendered":"https:\/\/unila.edu.br\/umapas\/?p=6626"},"modified":"2021-06-28T10:45:36","modified_gmt":"2021-06-28T13:45:36","slug":"a-pratica-na-construcao-do-conhecimento-cientifico-9","status":"publish","type":"post","link":"https:\/\/divulga.unila.edu.br\/umapas\/?p=6626","title":{"rendered":"A Pr\u00e1tica na Constru\u00e7\u00e3o do Conhecimento Cient\u00edfico"},"content":{"rendered":"<p style=\"text-align: justify;\"><strong>Coordenadora:<\/strong> M\u00e1rcia Regina Becker<\/p>\n<p style=\"text-align: justify;\"><strong>Contato:<\/strong> marcia.becker@unila.edu.br<\/p>\n<p><strong>Local de realiza\u00e7\u00e3o:<\/strong> Col\u00e9gio Estadual Professor Fl\u00e1vio Warken &#8211; Rua Sapuca\u00ed, 689, Vila C, Foz do Igua\u00e7u, Paran\u00e1 &#8211; Brasil.<\/p>\n<p><strong>Para mais informa\u00e7\u00f5es, acesse: <\/strong><a href=\"https:\/\/sig.unila.edu.br\/sigaa\/link\/public\/extensao\/visualizacaoAcaoExtensao\/91794074\" target=\"_blank\">https:\/\/sig.unila.edu.br\/sigaa\/link\/public\/extensao\/visualizacaoAcaoExtensao\/91794074<\/a><strong><br \/>\n<\/strong><\/p>\n","protected":false},"excerpt":{"rendered":"<p>Coordenadora: M\u00e1rcia Regina Becker Contato: marcia.becker@unila.edu.br Local de realiza\u00e7\u00e3o: Col\u00e9gio Estadual Professor Fl\u00e1vio Warken &#8211; Rua Sapuca\u00ed, 689, Vila C, Foz do Igua\u00e7u, Paran\u00e1 &#8211; Brasil. Para mais informa\u00e7\u00f5es, acesse: https:\/\/sig.unila.edu.br\/sigaa\/link\/public\/extensao\/visualizacaoAcaoExtensao\/91794074<\/p>\n","protected":false},"author":2,"featured_media":0,"comment_status":"closed","ping_status":"open","sticky":false,"template":"","format":"standard","meta":{"footnotes":""},"categories":[42,52,43],"tags":[],"class_list":["post-6626","post","type-post","status-publish","format-standard","hentry","category-acao-de-extensao","category-educacao-letras-e-linguas","category-projeto"],"_links":{"self":[{"href":"https:\/\/divulga.unila.edu.br\/umapas\/index.php?rest_route=\/wp\/v2\/posts\/6626","targetHints":{"allow":["GET"]}}],"collection":[{"href":"https:\/\/divulga.unila.edu.br\/umapas\/index.php?rest_route=\/wp\/v2\/posts"}],"about":[{"href":"https:\/\/divulga.unila.edu.br\/umapas\/index.php?rest_route=\/wp\/v2\/types\/post"}],"author":[{"embeddable":true,"href":"https:\/\/divulga.unila.edu.br\/umapas\/index.php?rest_route=\/wp\/v2\/users\/2"}],"replies":[{"embeddable":true,"href":"https:\/\/divulga.unila.edu.br\/umapas\/index.php?rest_route=%2Fwp%2Fv2%2Fcomments&post=6626"}],"version-history":[{"count":1,"href":"https:\/\/divulga.unila.edu.br\/umapas\/index.php?rest_route=\/wp\/v2\/posts\/6626\/revisions"}],"predecessor-version":[{"id":6629,"href":"https:\/\/divulga.unila.edu.br\/umapas\/index.php?rest_route=\/wp\/v2\/posts\/6626\/revisions\/6629"}],"wp:attachment":[{"href":"https:\/\/divulga.unila.edu.br\/umapas\/index.php?rest_route=%2Fwp%2Fv2%2Fmedia&parent=6626"}],"wp:term":[{"taxonomy":"category","embeddable":true,"href":"https:\/\/divulga.unila.edu.br\/umapas\/index.php?rest_route=%2Fwp%2Fv2%2Fcategories&post=6626"},{"taxonomy":"post_tag","embeddable":true,"href":"https:\/\/divulga.unila.edu.br\/umapas\/index.php?rest_route=%2Fwp%2Fv2%2Ftags&post=6626"}],"curies":[{"name":"wp","href":"https:\/\/api.w.org\/{rel}","templated":true}]}}