{"id":661,"date":"2017-03-07T18:01:48","date_gmt":"2017-03-07T18:01:48","guid":{"rendered":"http:\/\/10.80.6.168\/wordpress.mapeamento\/?p=661"},"modified":"2017-09-06T18:35:12","modified_gmt":"2017-09-06T18:35:12","slug":"laboratorio-de-ensino-de-matematica","status":"publish","type":"post","link":"https:\/\/divulga.unila.edu.br\/umapas\/?p=661","title":{"rendered":"Laborat\u00f3rio de Ensino de Matem\u00e1tica"},"content":{"rendered":"<p style=\"text-align: justify;\"><strong>Coordenadora:<\/strong> Patricia Couto Gon\u00e7alves Mauro<\/p>\n<p style=\"text-align: justify;\"><strong>Contato:<\/strong> patricia.mauro@unila.edu.br<\/p>\n<p><strong>Local de realiza\u00e7\u00e3o:<\/strong> Col\u00e9gio Estadual Professor Flavio Warken \u2013 Rua Sapuca\u00ed, 689, Vila C, Foz do Igua\u00e7u \u2013 PR. CEP: 85870-090<\/p>\n<p><strong>Para mais informa\u00e7\u00f5es, acesse:<\/strong> <a href=\"https:\/\/sig.unila.edu.br\/sigaa\/link\/public\/extensao\/visualizacaoAcaoExtensao\/91793613\" target=\"_blank\">https:\/\/sig.unila.edu.br\/sigaa\/link\/public\/extensao\/visualizacaoAcaoExtensao\/91793613<\/a><\/p>\n","protected":false},"excerpt":{"rendered":"<p>Coordenadora: Patricia Couto Gon\u00e7alves Mauro Contato: patricia.mauro@unila.edu.br Local de realiza\u00e7\u00e3o: Col\u00e9gio Estadual Professor Flavio Warken \u2013 Rua Sapuca\u00ed, 689, Vila C, Foz do Igua\u00e7u \u2013 PR. CEP: 85870-090 Para mais informa\u00e7\u00f5es, acesse: https:\/\/sig.unila.edu.br\/sigaa\/link\/public\/extensao\/visualizacaoAcaoExtensao\/91793613<\/p>\n","protected":false},"author":2,"featured_media":0,"comment_status":"open","ping_status":"open","sticky":false,"template":"","format":"standard","meta":{"footnotes":""},"categories":[42,52,43],"tags":[],"class_list":["post-661","post","type-post","status-publish","format-standard","hentry","category-acao-de-extensao","category-educacao-letras-e-linguas","category-projeto"],"_links":{"self":[{"href":"https:\/\/divulga.unila.edu.br\/umapas\/index.php?rest_route=\/wp\/v2\/posts\/661","targetHints":{"allow":["GET"]}}],"collection":[{"href":"https:\/\/divulga.unila.edu.br\/umapas\/index.php?rest_route=\/wp\/v2\/posts"}],"about":[{"href":"https:\/\/divulga.unila.edu.br\/umapas\/index.php?rest_route=\/wp\/v2\/types\/post"}],"author":[{"embeddable":true,"href":"https:\/\/divulga.unila.edu.br\/umapas\/index.php?rest_route=\/wp\/v2\/users\/2"}],"replies":[{"embeddable":true,"href":"https:\/\/divulga.unila.edu.br\/umapas\/index.php?rest_route=%2Fwp%2Fv2%2Fcomments&post=661"}],"version-history":[{"count":1,"href":"https:\/\/divulga.unila.edu.br\/umapas\/index.php?rest_route=\/wp\/v2\/posts\/661\/revisions"}],"predecessor-version":[{"id":662,"href":"https:\/\/divulga.unila.edu.br\/umapas\/index.php?rest_route=\/wp\/v2\/posts\/661\/revisions\/662"}],"wp:attachment":[{"href":"https:\/\/divulga.unila.edu.br\/umapas\/index.php?rest_route=%2Fwp%2Fv2%2Fmedia&parent=661"}],"wp:term":[{"taxonomy":"category","embeddable":true,"href":"https:\/\/divulga.unila.edu.br\/umapas\/index.php?rest_route=%2Fwp%2Fv2%2Fcategories&post=661"},{"taxonomy":"post_tag","embeddable":true,"href":"https:\/\/divulga.unila.edu.br\/umapas\/index.php?rest_route=%2Fwp%2Fv2%2Ftags&post=661"}],"curies":[{"name":"wp","href":"https:\/\/api.w.org\/{rel}","templated":true}]}}